{"id":1878,"date":"2016-01-04T13:41:19","date_gmt":"2016-01-04T11:41:19","guid":{"rendered":"http:\/\/www.bauer-hans.de\/ferienhaus-in-kaernten\/?p=1878"},"modified":"2016-01-04T13:41:19","modified_gmt":"2016-01-04T11:41:19","slug":"karawanken-klassik-rallye-oesterreich-2016","status":"publish","type":"post","link":"https:\/\/www.bauer-hans.de\/ferienhaus-in-kaernten\/2016\/01\/04\/karawanken-klassik-rallye-oesterreich-2016\/","title":{"rendered":"Karawanken-Klassik-Rallye \u00d6sterreich 2016"},"content":{"rendered":"<p><a href=\"https:\/\/www.bauer-hans.de\/ferienhaus-in-kaernten\/wp-content\/uploads\/sites\/7\/2016\/01\/karawanken-Ralley1.jpg\"><img loading=\"lazy\" decoding=\"async\" class=\"alignleft size-medium wp-image-1879\" src=\"https:\/\/www.bauer-hans.de\/ferienhaus-in-kaernten\/wp-content\/uploads\/sites\/7\/2016\/01\/karawanken-Ralley1-300x225.jpg\" alt=\"karawanken Ralley1\" width=\"300\" height=\"225\" srcset=\"https:\/\/www.bauer-hans.de\/ferienhaus-in-kaernten\/wp-content\/uploads\/sites\/7\/2016\/01\/karawanken-Ralley1-300x225.jpg 300w, https:\/\/www.bauer-hans.de\/ferienhaus-in-kaernten\/wp-content\/uploads\/sites\/7\/2016\/01\/karawanken-Ralley1-250x188.jpg 250w, https:\/\/www.bauer-hans.de\/ferienhaus-in-kaernten\/wp-content\/uploads\/sites\/7\/2016\/01\/karawanken-Ralley1.jpg 1000w\" sizes=\"auto, (max-width: 300px) 100vw, 300px\" \/><\/a>Wir bieten Ihnen als Teilnehmer dieser herrlichen Ralley ein sch\u00f6nes Ferienhaus ganz in der N\u00e4he von Ferlach, zur Miete.<\/p>\n","protected":false},"excerpt":{"rendered":"<p>Wir bieten Ihnen als Teilnehmer dieser herrlichen Ralley ein sch\u00f6nes Ferienhaus ganz in der N\u00e4he von Ferlach, zur Miete.<\/p>\n","protected":false},"author":2,"featured_media":0,"comment_status":"closed","ping_status":"open","sticky":false,"template":"","format":"standard","meta":{"_acf_changed":false,"footnotes":""},"categories":[1],"tags":[],"class_list":["post-1878","post","type-post","status-publish","format-standard","hentry","category-allgemein"],"acf":[],"yoast_head":"<!-- This site is optimized with the Yoast SEO plugin v27.4 - https:\/\/yoast.com\/product\/yoast-seo-wordpress\/ -->\n<title>Karawanken-Klassik-Rallye \u00d6sterreich 2016 - Ferienhaus in \u00d6sterreich \/ K\u00e4rnten direkt am See im Feriendorf mit zwei Pools<\/title>\n<meta name=\"description\" content=\"sch\u00f6nes freistehendes Ferienhaus mit 3 getrennten Schlafzimmern\" \/>\n<meta name=\"robots\" content=\"index, follow, max-snippet:-1, max-image-preview:large, max-video-preview:-1\" \/>\n<link rel=\"canonical\" href=\"https:\/\/www.bauer-hans.de\/ferienhaus-in-kaernten\/2016\/01\/04\/karawanken-klassik-rallye-oesterreich-2016\/\" \/>\n<meta name=\"twitter:label1\" content=\"Verfasst von\" \/>\n\t<meta name=\"twitter:data1\" content=\"makler-hans\" \/>\n<script type=\"application\/ld+json\" class=\"yoast-schema-graph\">{\"@context\":\"https:\\\/\\\/schema.org\",\"@graph\":[{\"@type\":\"Article\",\"@id\":\"https:\\\/\\\/www.bauer-hans.de\\\/ferienhaus-in-kaernten\\\/2016\\\/01\\\/04\\\/karawanken-klassik-rallye-oesterreich-2016\\\/#article\",\"isPartOf\":{\"@id\":\"https:\\\/\\\/www.bauer-hans.de\\\/ferienhaus-in-kaernten\\\/2016\\\/01\\\/04\\\/karawanken-klassik-rallye-oesterreich-2016\\\/\"},\"author\":{\"name\":\"makler-hans\",\"@id\":\"https:\\\/\\\/www.bauer-hans.de\\\/ferienhaus-in-kaernten\\\/#\\\/schema\\\/person\\\/ec8cee5d59eee83046ec1ea077642ec3\"},\"headline\":\"Karawanken-Klassik-Rallye \u00d6sterreich 2016\",\"datePublished\":\"2016-01-04T11:41:19+00:00\",\"mainEntityOfPage\":{\"@id\":\"https:\\\/\\\/www.bauer-hans.de\\\/ferienhaus-in-kaernten\\\/2016\\\/01\\\/04\\\/karawanken-klassik-rallye-oesterreich-2016\\\/\"},\"wordCount\":23,\"publisher\":{\"@id\":\"https:\\\/\\\/www.bauer-hans.de\\\/ferienhaus-in-kaernten\\\/#organization\"},\"image\":{\"@id\":\"https:\\\/\\\/www.bauer-hans.de\\\/ferienhaus-in-kaernten\\\/2016\\\/01\\\/04\\\/karawanken-klassik-rallye-oesterreich-2016\\\/#primaryimage\"},\"thumbnailUrl\":\"https:\\\/\\\/www.bauer-hans.de\\\/ferienhaus-in-kaernten\\\/wp-content\\\/uploads\\\/sites\\\/7\\\/2016\\\/01\\\/karawanken-Ralley1-300x225.jpg\",\"inLanguage\":\"de\"},{\"@type\":\"WebPage\",\"@id\":\"https:\\\/\\\/www.bauer-hans.de\\\/ferienhaus-in-kaernten\\\/2016\\\/01\\\/04\\\/karawanken-klassik-rallye-oesterreich-2016\\\/\",\"url\":\"https:\\\/\\\/www.bauer-hans.de\\\/ferienhaus-in-kaernten\\\/2016\\\/01\\\/04\\\/karawanken-klassik-rallye-oesterreich-2016\\\/\",\"name\":\"Karawanken-Klassik-Rallye \u00d6sterreich 2016 - Ferienhaus in \u00d6sterreich \\\/ K\u00e4rnten direkt am See im Feriendorf mit zwei Pools\",\"isPartOf\":{\"@id\":\"https:\\\/\\\/www.bauer-hans.de\\\/ferienhaus-in-kaernten\\\/#website\"},\"primaryImageOfPage\":{\"@id\":\"https:\\\/\\\/www.bauer-hans.de\\\/ferienhaus-in-kaernten\\\/2016\\\/01\\\/04\\\/karawanken-klassik-rallye-oesterreich-2016\\\/#primaryimage\"},\"image\":{\"@id\":\"https:\\\/\\\/www.bauer-hans.de\\\/ferienhaus-in-kaernten\\\/2016\\\/01\\\/04\\\/karawanken-klassik-rallye-oesterreich-2016\\\/#primaryimage\"},\"thumbnailUrl\":\"https:\\\/\\\/www.bauer-hans.de\\\/ferienhaus-in-kaernten\\\/wp-content\\\/uploads\\\/sites\\\/7\\\/2016\\\/01\\\/karawanken-Ralley1-300x225.jpg\",\"datePublished\":\"2016-01-04T11:41:19+00:00\",\"description\":\"sch\u00f6nes freistehendes Ferienhaus mit 3 getrennten Schlafzimmern\",\"breadcrumb\":{\"@id\":\"https:\\\/\\\/www.bauer-hans.de\\\/ferienhaus-in-kaernten\\\/2016\\\/01\\\/04\\\/karawanken-klassik-rallye-oesterreich-2016\\\/#breadcrumb\"},\"inLanguage\":\"de\",\"potentialAction\":[{\"@type\":\"ReadAction\",\"target\":[\"https:\\\/\\\/www.bauer-hans.de\\\/ferienhaus-in-kaernten\\\/2016\\\/01\\\/04\\\/karawanken-klassik-rallye-oesterreich-2016\\\/\"]}]},{\"@type\":\"ImageObject\",\"inLanguage\":\"de\",\"@id\":\"https:\\\/\\\/www.bauer-hans.de\\\/ferienhaus-in-kaernten\\\/2016\\\/01\\\/04\\\/karawanken-klassik-rallye-oesterreich-2016\\\/#primaryimage\",\"url\":\"https:\\\/\\\/www.bauer-hans.de\\\/ferienhaus-in-kaernten\\\/wp-content\\\/uploads\\\/sites\\\/7\\\/2016\\\/01\\\/karawanken-Ralley1.jpg\",\"contentUrl\":\"https:\\\/\\\/www.bauer-hans.de\\\/ferienhaus-in-kaernten\\\/wp-content\\\/uploads\\\/sites\\\/7\\\/2016\\\/01\\\/karawanken-Ralley1.jpg\",\"width\":1000,\"height\":750},{\"@type\":\"BreadcrumbList\",\"@id\":\"https:\\\/\\\/www.bauer-hans.de\\\/ferienhaus-in-kaernten\\\/2016\\\/01\\\/04\\\/karawanken-klassik-rallye-oesterreich-2016\\\/#breadcrumb\",\"itemListElement\":[{\"@type\":\"ListItem\",\"position\":1,\"name\":\"Startseite\",\"item\":\"https:\\\/\\\/www.bauer-hans.de\\\/ferienhaus-in-kaernten\\\/\"},{\"@type\":\"ListItem\",\"position\":2,\"name\":\"Karawanken-Klassik-Rallye \u00d6sterreich 2016\"}]},{\"@type\":\"WebSite\",\"@id\":\"https:\\\/\\\/www.bauer-hans.de\\\/ferienhaus-in-kaernten\\\/#website\",\"url\":\"https:\\\/\\\/www.bauer-hans.de\\\/ferienhaus-in-kaernten\\\/\",\"name\":\"Ferienhaus in \u00d6sterreich \\\/ K\u00e4rnten direkt am See im Feriendorf mit zwei Pools\",\"description\":\"Ihr Traumurlaub in K\u00e4rnten N\u00e4he W\u00f6rthersee \\\/ Faaker See \u2013 unmittelbar vor den Karawanken\",\"publisher\":{\"@id\":\"https:\\\/\\\/www.bauer-hans.de\\\/ferienhaus-in-kaernten\\\/#organization\"},\"potentialAction\":[{\"@type\":\"SearchAction\",\"target\":{\"@type\":\"EntryPoint\",\"urlTemplate\":\"https:\\\/\\\/www.bauer-hans.de\\\/ferienhaus-in-kaernten\\\/?s={search_term_string}\"},\"query-input\":{\"@type\":\"PropertyValueSpecification\",\"valueRequired\":true,\"valueName\":\"search_term_string\"}}],\"inLanguage\":\"de\"},{\"@type\":\"Organization\",\"@id\":\"https:\\\/\\\/www.bauer-hans.de\\\/ferienhaus-in-kaernten\\\/#organization\",\"name\":\"Ferienhaus in \u00d6sterreich \\\/ K\u00e4rnten direkt am See im Feriendorf mit zwei Pools\",\"url\":\"https:\\\/\\\/www.bauer-hans.de\\\/ferienhaus-in-kaernten\\\/\",\"logo\":{\"@type\":\"ImageObject\",\"inLanguage\":\"de\",\"@id\":\"https:\\\/\\\/www.bauer-hans.de\\\/ferienhaus-in-kaernten\\\/#\\\/schema\\\/logo\\\/image\\\/\",\"url\":\"https:\\\/\\\/www.bauer-hans.de\\\/ferienhaus-in-kaernten\\\/wp-content\\\/uploads\\\/sites\\\/7\\\/2018\\\/05\\\/cropped-logo-4-Sterne.jpg\",\"contentUrl\":\"https:\\\/\\\/www.bauer-hans.de\\\/ferienhaus-in-kaernten\\\/wp-content\\\/uploads\\\/sites\\\/7\\\/2018\\\/05\\\/cropped-logo-4-Sterne.jpg\",\"width\":249,\"height\":250,\"caption\":\"Ferienhaus in \u00d6sterreich \\\/ K\u00e4rnten direkt am See im Feriendorf mit zwei Pools\"},\"image\":{\"@id\":\"https:\\\/\\\/www.bauer-hans.de\\\/ferienhaus-in-kaernten\\\/#\\\/schema\\\/logo\\\/image\\\/\"}},{\"@type\":\"Person\",\"@id\":\"https:\\\/\\\/www.bauer-hans.de\\\/ferienhaus-in-kaernten\\\/#\\\/schema\\\/person\\\/ec8cee5d59eee83046ec1ea077642ec3\",\"name\":\"makler-hans\",\"image\":{\"@type\":\"ImageObject\",\"inLanguage\":\"de\",\"@id\":\"https:\\\/\\\/secure.gravatar.com\\\/avatar\\\/1de810de5966c4ec0b2bb8e8db121ea5bcbb1bd5f6eb943fb8a742f5b0b5f0f3?s=96&d=mm&r=g\",\"url\":\"https:\\\/\\\/secure.gravatar.com\\\/avatar\\\/1de810de5966c4ec0b2bb8e8db121ea5bcbb1bd5f6eb943fb8a742f5b0b5f0f3?s=96&d=mm&r=g\",\"contentUrl\":\"https:\\\/\\\/secure.gravatar.com\\\/avatar\\\/1de810de5966c4ec0b2bb8e8db121ea5bcbb1bd5f6eb943fb8a742f5b0b5f0f3?s=96&d=mm&r=g\",\"caption\":\"makler-hans\"},\"url\":\"https:\\\/\\\/www.bauer-hans.de\\\/ferienhaus-in-kaernten\\\/author\\\/admin\\\/\"}]}<\/script>\n<!-- \/ Yoast SEO plugin. -->","yoast_head_json":{"title":"Karawanken-Klassik-Rallye \u00d6sterreich 2016 - Ferienhaus in \u00d6sterreich \/ K\u00e4rnten direkt am See im Feriendorf mit zwei Pools","description":"sch\u00f6nes freistehendes Ferienhaus mit 3 getrennten Schlafzimmern","robots":{"index":"index","follow":"follow","max-snippet":"max-snippet:-1","max-image-preview":"max-image-preview:large","max-video-preview":"max-video-preview:-1"},"canonical":"https:\/\/www.bauer-hans.de\/ferienhaus-in-kaernten\/2016\/01\/04\/karawanken-klassik-rallye-oesterreich-2016\/","twitter_misc":{"Verfasst von":"makler-hans"},"schema":{"@context":"https:\/\/schema.org","@graph":[{"@type":"Article","@id":"https:\/\/www.bauer-hans.de\/ferienhaus-in-kaernten\/2016\/01\/04\/karawanken-klassik-rallye-oesterreich-2016\/#article","isPartOf":{"@id":"https:\/\/www.bauer-hans.de\/ferienhaus-in-kaernten\/2016\/01\/04\/karawanken-klassik-rallye-oesterreich-2016\/"},"author":{"name":"makler-hans","@id":"https:\/\/www.bauer-hans.de\/ferienhaus-in-kaernten\/#\/schema\/person\/ec8cee5d59eee83046ec1ea077642ec3"},"headline":"Karawanken-Klassik-Rallye \u00d6sterreich 2016","datePublished":"2016-01-04T11:41:19+00:00","mainEntityOfPage":{"@id":"https:\/\/www.bauer-hans.de\/ferienhaus-in-kaernten\/2016\/01\/04\/karawanken-klassik-rallye-oesterreich-2016\/"},"wordCount":23,"publisher":{"@id":"https:\/\/www.bauer-hans.de\/ferienhaus-in-kaernten\/#organization"},"image":{"@id":"https:\/\/www.bauer-hans.de\/ferienhaus-in-kaernten\/2016\/01\/04\/karawanken-klassik-rallye-oesterreich-2016\/#primaryimage"},"thumbnailUrl":"https:\/\/www.bauer-hans.de\/ferienhaus-in-kaernten\/wp-content\/uploads\/sites\/7\/2016\/01\/karawanken-Ralley1-300x225.jpg","inLanguage":"de"},{"@type":"WebPage","@id":"https:\/\/www.bauer-hans.de\/ferienhaus-in-kaernten\/2016\/01\/04\/karawanken-klassik-rallye-oesterreich-2016\/","url":"https:\/\/www.bauer-hans.de\/ferienhaus-in-kaernten\/2016\/01\/04\/karawanken-klassik-rallye-oesterreich-2016\/","name":"Karawanken-Klassik-Rallye \u00d6sterreich 2016 - Ferienhaus in \u00d6sterreich \/ K\u00e4rnten direkt am See im Feriendorf mit zwei Pools","isPartOf":{"@id":"https:\/\/www.bauer-hans.de\/ferienhaus-in-kaernten\/#website"},"primaryImageOfPage":{"@id":"https:\/\/www.bauer-hans.de\/ferienhaus-in-kaernten\/2016\/01\/04\/karawanken-klassik-rallye-oesterreich-2016\/#primaryimage"},"image":{"@id":"https:\/\/www.bauer-hans.de\/ferienhaus-in-kaernten\/2016\/01\/04\/karawanken-klassik-rallye-oesterreich-2016\/#primaryimage"},"thumbnailUrl":"https:\/\/www.bauer-hans.de\/ferienhaus-in-kaernten\/wp-content\/uploads\/sites\/7\/2016\/01\/karawanken-Ralley1-300x225.jpg","datePublished":"2016-01-04T11:41:19+00:00","description":"sch\u00f6nes freistehendes Ferienhaus mit 3 getrennten Schlafzimmern","breadcrumb":{"@id":"https:\/\/www.bauer-hans.de\/ferienhaus-in-kaernten\/2016\/01\/04\/karawanken-klassik-rallye-oesterreich-2016\/#breadcrumb"},"inLanguage":"de","potentialAction":[{"@type":"ReadAction","target":["https:\/\/www.bauer-hans.de\/ferienhaus-in-kaernten\/2016\/01\/04\/karawanken-klassik-rallye-oesterreich-2016\/"]}]},{"@type":"ImageObject","inLanguage":"de","@id":"https:\/\/www.bauer-hans.de\/ferienhaus-in-kaernten\/2016\/01\/04\/karawanken-klassik-rallye-oesterreich-2016\/#primaryimage","url":"https:\/\/www.bauer-hans.de\/ferienhaus-in-kaernten\/wp-content\/uploads\/sites\/7\/2016\/01\/karawanken-Ralley1.jpg","contentUrl":"https:\/\/www.bauer-hans.de\/ferienhaus-in-kaernten\/wp-content\/uploads\/sites\/7\/2016\/01\/karawanken-Ralley1.jpg","width":1000,"height":750},{"@type":"BreadcrumbList","@id":"https:\/\/www.bauer-hans.de\/ferienhaus-in-kaernten\/2016\/01\/04\/karawanken-klassik-rallye-oesterreich-2016\/#breadcrumb","itemListElement":[{"@type":"ListItem","position":1,"name":"Startseite","item":"https:\/\/www.bauer-hans.de\/ferienhaus-in-kaernten\/"},{"@type":"ListItem","position":2,"name":"Karawanken-Klassik-Rallye \u00d6sterreich 2016"}]},{"@type":"WebSite","@id":"https:\/\/www.bauer-hans.de\/ferienhaus-in-kaernten\/#website","url":"https:\/\/www.bauer-hans.de\/ferienhaus-in-kaernten\/","name":"Ferienhaus in \u00d6sterreich \/ K\u00e4rnten direkt am See im Feriendorf mit zwei Pools","description":"Ihr Traumurlaub in K\u00e4rnten N\u00e4he W\u00f6rthersee \/ Faaker See \u2013 unmittelbar vor den Karawanken","publisher":{"@id":"https:\/\/www.bauer-hans.de\/ferienhaus-in-kaernten\/#organization"},"potentialAction":[{"@type":"SearchAction","target":{"@type":"EntryPoint","urlTemplate":"https:\/\/www.bauer-hans.de\/ferienhaus-in-kaernten\/?s={search_term_string}"},"query-input":{"@type":"PropertyValueSpecification","valueRequired":true,"valueName":"search_term_string"}}],"inLanguage":"de"},{"@type":"Organization","@id":"https:\/\/www.bauer-hans.de\/ferienhaus-in-kaernten\/#organization","name":"Ferienhaus in \u00d6sterreich \/ K\u00e4rnten direkt am See im Feriendorf mit zwei Pools","url":"https:\/\/www.bauer-hans.de\/ferienhaus-in-kaernten\/","logo":{"@type":"ImageObject","inLanguage":"de","@id":"https:\/\/www.bauer-hans.de\/ferienhaus-in-kaernten\/#\/schema\/logo\/image\/","url":"https:\/\/www.bauer-hans.de\/ferienhaus-in-kaernten\/wp-content\/uploads\/sites\/7\/2018\/05\/cropped-logo-4-Sterne.jpg","contentUrl":"https:\/\/www.bauer-hans.de\/ferienhaus-in-kaernten\/wp-content\/uploads\/sites\/7\/2018\/05\/cropped-logo-4-Sterne.jpg","width":249,"height":250,"caption":"Ferienhaus in \u00d6sterreich \/ K\u00e4rnten direkt am See im Feriendorf mit zwei Pools"},"image":{"@id":"https:\/\/www.bauer-hans.de\/ferienhaus-in-kaernten\/#\/schema\/logo\/image\/"}},{"@type":"Person","@id":"https:\/\/www.bauer-hans.de\/ferienhaus-in-kaernten\/#\/schema\/person\/ec8cee5d59eee83046ec1ea077642ec3","name":"makler-hans","image":{"@type":"ImageObject","inLanguage":"de","@id":"https:\/\/secure.gravatar.com\/avatar\/1de810de5966c4ec0b2bb8e8db121ea5bcbb1bd5f6eb943fb8a742f5b0b5f0f3?s=96&d=mm&r=g","url":"https:\/\/secure.gravatar.com\/avatar\/1de810de5966c4ec0b2bb8e8db121ea5bcbb1bd5f6eb943fb8a742f5b0b5f0f3?s=96&d=mm&r=g","contentUrl":"https:\/\/secure.gravatar.com\/avatar\/1de810de5966c4ec0b2bb8e8db121ea5bcbb1bd5f6eb943fb8a742f5b0b5f0f3?s=96&d=mm&r=g","caption":"makler-hans"},"url":"https:\/\/www.bauer-hans.de\/ferienhaus-in-kaernten\/author\/admin\/"}]}},"_links":{"self":[{"href":"https:\/\/www.bauer-hans.de\/ferienhaus-in-kaernten\/wp-json\/wp\/v2\/posts\/1878","targetHints":{"allow":["GET"]}}],"collection":[{"href":"https:\/\/www.bauer-hans.de\/ferienhaus-in-kaernten\/wp-json\/wp\/v2\/posts"}],"about":[{"href":"https:\/\/www.bauer-hans.de\/ferienhaus-in-kaernten\/wp-json\/wp\/v2\/types\/post"}],"author":[{"embeddable":true,"href":"https:\/\/www.bauer-hans.de\/ferienhaus-in-kaernten\/wp-json\/wp\/v2\/users\/2"}],"replies":[{"embeddable":true,"href":"https:\/\/www.bauer-hans.de\/ferienhaus-in-kaernten\/wp-json\/wp\/v2\/comments?post=1878"}],"version-history":[{"count":1,"href":"https:\/\/www.bauer-hans.de\/ferienhaus-in-kaernten\/wp-json\/wp\/v2\/posts\/1878\/revisions"}],"predecessor-version":[{"id":1880,"href":"https:\/\/www.bauer-hans.de\/ferienhaus-in-kaernten\/wp-json\/wp\/v2\/posts\/1878\/revisions\/1880"}],"wp:attachment":[{"href":"https:\/\/www.bauer-hans.de\/ferienhaus-in-kaernten\/wp-json\/wp\/v2\/media?parent=1878"}],"wp:term":[{"taxonomy":"category","embeddable":true,"href":"https:\/\/www.bauer-hans.de\/ferienhaus-in-kaernten\/wp-json\/wp\/v2\/categories?post=1878"},{"taxonomy":"post_tag","embeddable":true,"href":"https:\/\/www.bauer-hans.de\/ferienhaus-in-kaernten\/wp-json\/wp\/v2\/tags?post=1878"}],"curies":[{"name":"wp","href":"https:\/\/api.w.org\/{rel}","templated":true}]}}