{"id":2090,"date":"2018-05-17T17:40:20","date_gmt":"2018-05-17T15:40:20","guid":{"rendered":"http:\/\/www.bauer-hans.de\/ferienhaus-in-kaernten\/?p=2090"},"modified":"2018-05-17T17:40:20","modified_gmt":"2018-05-17T15:40:20","slug":"gti-treffen-2018","status":"publish","type":"post","link":"https:\/\/www.bauer-hans.de\/ferienhaus-in-kaernten\/2018\/05\/17\/gti-treffen-2018\/","title":{"rendered":"GTI Treffen 2018"},"content":{"rendered":"<h2 style=\"text-align: center;\">13 Leute aus der Szene haben sich in unseren beiden H\u00e4usern sehr wohl gef\u00fchlt<\/h2>\n<p><img loading=\"lazy\" decoding=\"async\" class=\"alignnone size-full wp-image-2092\" src=\"https:\/\/www.bauer-hans.de\/ferienhaus-in-kaernten\/wp-content\/uploads\/sites\/7\/2018\/05\/am-Haus.jpg\" alt=\"\" width=\"1280\" height=\"720\" srcset=\"https:\/\/www.bauer-hans.de\/ferienhaus-in-kaernten\/wp-content\/uploads\/sites\/7\/2018\/05\/am-Haus.jpg 1280w, https:\/\/www.bauer-hans.de\/ferienhaus-in-kaernten\/wp-content\/uploads\/sites\/7\/2018\/05\/am-Haus-300x169.jpg 300w, https:\/\/www.bauer-hans.de\/ferienhaus-in-kaernten\/wp-content\/uploads\/sites\/7\/2018\/05\/am-Haus-768x432.jpg 768w, https:\/\/www.bauer-hans.de\/ferienhaus-in-kaernten\/wp-content\/uploads\/sites\/7\/2018\/05\/am-Haus-1024x576.jpg 1024w, https:\/\/www.bauer-hans.de\/ferienhaus-in-kaernten\/wp-content\/uploads\/sites\/7\/2018\/05\/am-Haus-250x141.jpg 250w\" sizes=\"auto, (max-width: 767px) 89vw, (max-width: 1000px) 54vw, (max-width: 1071px) 543px, 580px\" \/><\/p>\n<p><img loading=\"lazy\" decoding=\"async\" class=\"alignnone size-full wp-image-2091\" src=\"https:\/\/www.bauer-hans.de\/ferienhaus-in-kaernten\/wp-content\/uploads\/sites\/7\/2018\/05\/GTI-Treff_2018.jpg\" alt=\"\" width=\"1080\" height=\"678\" srcset=\"https:\/\/www.bauer-hans.de\/ferienhaus-in-kaernten\/wp-content\/uploads\/sites\/7\/2018\/05\/GTI-Treff_2018.jpg 1080w, https:\/\/www.bauer-hans.de\/ferienhaus-in-kaernten\/wp-content\/uploads\/sites\/7\/2018\/05\/GTI-Treff_2018-300x188.jpg 300w, https:\/\/www.bauer-hans.de\/ferienhaus-in-kaernten\/wp-content\/uploads\/sites\/7\/2018\/05\/GTI-Treff_2018-768x482.jpg 768w, https:\/\/www.bauer-hans.de\/ferienhaus-in-kaernten\/wp-content\/uploads\/sites\/7\/2018\/05\/GTI-Treff_2018-1024x643.jpg 1024w, https:\/\/www.bauer-hans.de\/ferienhaus-in-kaernten\/wp-content\/uploads\/sites\/7\/2018\/05\/GTI-Treff_2018-250x157.jpg 250w\" sizes=\"auto, (max-width: 767px) 89vw, (max-width: 1000px) 54vw, (max-width: 1071px) 543px, 580px\" \/><\/p>\n<p><img loading=\"lazy\" decoding=\"async\" class=\"alignnone size-full wp-image-2093\" src=\"https:\/\/www.bauer-hans.de\/ferienhaus-in-kaernten\/wp-content\/uploads\/sites\/7\/2018\/05\/auto_drau.jpg\" alt=\"\" width=\"958\" height=\"900\" srcset=\"https:\/\/www.bauer-hans.de\/ferienhaus-in-kaernten\/wp-content\/uploads\/sites\/7\/2018\/05\/auto_drau.jpg 958w, https:\/\/www.bauer-hans.de\/ferienhaus-in-kaernten\/wp-content\/uploads\/sites\/7\/2018\/05\/auto_drau-300x282.jpg 300w, https:\/\/www.bauer-hans.de\/ferienhaus-in-kaernten\/wp-content\/uploads\/sites\/7\/2018\/05\/auto_drau-768x722.jpg 768w, https:\/\/www.bauer-hans.de\/ferienhaus-in-kaernten\/wp-content\/uploads\/sites\/7\/2018\/05\/auto_drau-250x235.jpg 250w\" sizes=\"auto, (max-width: 767px) 89vw, (max-width: 1000px) 54vw, (max-width: 1071px) 543px, 580px\" \/><\/p>\n<p><img loading=\"lazy\" decoding=\"async\" class=\"alignnone size-full wp-image-2094\" src=\"https:\/\/www.bauer-hans.de\/ferienhaus-in-kaernten\/wp-content\/uploads\/sites\/7\/2018\/05\/goldie.jpg\" alt=\"\" width=\"1071\" height=\"746\" srcset=\"https:\/\/www.bauer-hans.de\/ferienhaus-in-kaernten\/wp-content\/uploads\/sites\/7\/2018\/05\/goldie.jpg 1071w, https:\/\/www.bauer-hans.de\/ferienhaus-in-kaernten\/wp-content\/uploads\/sites\/7\/2018\/05\/goldie-300x209.jpg 300w, https:\/\/www.bauer-hans.de\/ferienhaus-in-kaernten\/wp-content\/uploads\/sites\/7\/2018\/05\/goldie-768x535.jpg 768w, https:\/\/www.bauer-hans.de\/ferienhaus-in-kaernten\/wp-content\/uploads\/sites\/7\/2018\/05\/goldie-1024x713.jpg 1024w, https:\/\/www.bauer-hans.de\/ferienhaus-in-kaernten\/wp-content\/uploads\/sites\/7\/2018\/05\/goldie-250x174.jpg 250w\" sizes=\"auto, (max-width: 767px) 89vw, (max-width: 1000px) 54vw, (max-width: 1071px) 543px, 580px\" \/><\/p>\n","protected":false},"excerpt":{"rendered":"<p>13 Leute aus der Szene haben sich in unseren beiden H\u00e4usern sehr wohl gef\u00fchlt<\/p>\n","protected":false},"author":2,"featured_media":0,"comment_status":"open","ping_status":"open","sticky":false,"template":"","format":"standard","meta":{"_acf_changed":false,"footnotes":""},"categories":[1],"tags":[],"class_list":["post-2090","post","type-post","status-publish","format-standard","hentry","category-allgemein"],"acf":[],"yoast_head":"<!-- This site is optimized with the Yoast SEO plugin v27.4 - https:\/\/yoast.com\/product\/yoast-seo-wordpress\/ -->\n<title>GTI Treffen 2018 - Ferienhaus in \u00d6sterreich \/ K\u00e4rnten direkt am See im Feriendorf mit zwei Pools<\/title>\n<meta name=\"robots\" content=\"index, follow, max-snippet:-1, max-image-preview:large, max-video-preview:-1\" \/>\n<link rel=\"canonical\" href=\"https:\/\/www.bauer-hans.de\/ferienhaus-in-kaernten\/2018\/05\/17\/gti-treffen-2018\/\" \/>\n<meta name=\"twitter:label1\" content=\"Verfasst von\" \/>\n\t<meta name=\"twitter:data1\" content=\"makler-hans\" \/>\n<script type=\"application\/ld+json\" class=\"yoast-schema-graph\">{\"@context\":\"https:\\\/\\\/schema.org\",\"@graph\":[{\"@type\":\"Article\",\"@id\":\"https:\\\/\\\/www.bauer-hans.de\\\/ferienhaus-in-kaernten\\\/2018\\\/05\\\/17\\\/gti-treffen-2018\\\/#article\",\"isPartOf\":{\"@id\":\"https:\\\/\\\/www.bauer-hans.de\\\/ferienhaus-in-kaernten\\\/2018\\\/05\\\/17\\\/gti-treffen-2018\\\/\"},\"author\":{\"name\":\"makler-hans\",\"@id\":\"https:\\\/\\\/www.bauer-hans.de\\\/ferienhaus-in-kaernten\\\/#\\\/schema\\\/person\\\/ec8cee5d59eee83046ec1ea077642ec3\"},\"headline\":\"GTI Treffen 2018\",\"datePublished\":\"2018-05-17T15:40:20+00:00\",\"mainEntityOfPage\":{\"@id\":\"https:\\\/\\\/www.bauer-hans.de\\\/ferienhaus-in-kaernten\\\/2018\\\/05\\\/17\\\/gti-treffen-2018\\\/\"},\"wordCount\":17,\"commentCount\":0,\"publisher\":{\"@id\":\"https:\\\/\\\/www.bauer-hans.de\\\/ferienhaus-in-kaernten\\\/#organization\"},\"image\":{\"@id\":\"https:\\\/\\\/www.bauer-hans.de\\\/ferienhaus-in-kaernten\\\/2018\\\/05\\\/17\\\/gti-treffen-2018\\\/#primaryimage\"},\"thumbnailUrl\":\"https:\\\/\\\/www.bauer-hans.de\\\/ferienhaus-in-kaernten\\\/wp-content\\\/uploads\\\/sites\\\/7\\\/2018\\\/05\\\/am-Haus.jpg\",\"inLanguage\":\"de\",\"potentialAction\":[{\"@type\":\"CommentAction\",\"name\":\"Comment\",\"target\":[\"https:\\\/\\\/www.bauer-hans.de\\\/ferienhaus-in-kaernten\\\/2018\\\/05\\\/17\\\/gti-treffen-2018\\\/#respond\"]}]},{\"@type\":\"WebPage\",\"@id\":\"https:\\\/\\\/www.bauer-hans.de\\\/ferienhaus-in-kaernten\\\/2018\\\/05\\\/17\\\/gti-treffen-2018\\\/\",\"url\":\"https:\\\/\\\/www.bauer-hans.de\\\/ferienhaus-in-kaernten\\\/2018\\\/05\\\/17\\\/gti-treffen-2018\\\/\",\"name\":\"GTI Treffen 2018 - Ferienhaus in \u00d6sterreich \\\/ K\u00e4rnten direkt am See im Feriendorf mit zwei Pools\",\"isPartOf\":{\"@id\":\"https:\\\/\\\/www.bauer-hans.de\\\/ferienhaus-in-kaernten\\\/#website\"},\"primaryImageOfPage\":{\"@id\":\"https:\\\/\\\/www.bauer-hans.de\\\/ferienhaus-in-kaernten\\\/2018\\\/05\\\/17\\\/gti-treffen-2018\\\/#primaryimage\"},\"image\":{\"@id\":\"https:\\\/\\\/www.bauer-hans.de\\\/ferienhaus-in-kaernten\\\/2018\\\/05\\\/17\\\/gti-treffen-2018\\\/#primaryimage\"},\"thumbnailUrl\":\"https:\\\/\\\/www.bauer-hans.de\\\/ferienhaus-in-kaernten\\\/wp-content\\\/uploads\\\/sites\\\/7\\\/2018\\\/05\\\/am-Haus.jpg\",\"datePublished\":\"2018-05-17T15:40:20+00:00\",\"breadcrumb\":{\"@id\":\"https:\\\/\\\/www.bauer-hans.de\\\/ferienhaus-in-kaernten\\\/2018\\\/05\\\/17\\\/gti-treffen-2018\\\/#breadcrumb\"},\"inLanguage\":\"de\",\"potentialAction\":[{\"@type\":\"ReadAction\",\"target\":[\"https:\\\/\\\/www.bauer-hans.de\\\/ferienhaus-in-kaernten\\\/2018\\\/05\\\/17\\\/gti-treffen-2018\\\/\"]}]},{\"@type\":\"ImageObject\",\"inLanguage\":\"de\",\"@id\":\"https:\\\/\\\/www.bauer-hans.de\\\/ferienhaus-in-kaernten\\\/2018\\\/05\\\/17\\\/gti-treffen-2018\\\/#primaryimage\",\"url\":\"https:\\\/\\\/www.bauer-hans.de\\\/ferienhaus-in-kaernten\\\/wp-content\\\/uploads\\\/sites\\\/7\\\/2018\\\/05\\\/am-Haus.jpg\",\"contentUrl\":\"https:\\\/\\\/www.bauer-hans.de\\\/ferienhaus-in-kaernten\\\/wp-content\\\/uploads\\\/sites\\\/7\\\/2018\\\/05\\\/am-Haus.jpg\",\"width\":1280,\"height\":720},{\"@type\":\"BreadcrumbList\",\"@id\":\"https:\\\/\\\/www.bauer-hans.de\\\/ferienhaus-in-kaernten\\\/2018\\\/05\\\/17\\\/gti-treffen-2018\\\/#breadcrumb\",\"itemListElement\":[{\"@type\":\"ListItem\",\"position\":1,\"name\":\"Startseite\",\"item\":\"https:\\\/\\\/www.bauer-hans.de\\\/ferienhaus-in-kaernten\\\/\"},{\"@type\":\"ListItem\",\"position\":2,\"name\":\"GTI Treffen 2018\"}]},{\"@type\":\"WebSite\",\"@id\":\"https:\\\/\\\/www.bauer-hans.de\\\/ferienhaus-in-kaernten\\\/#website\",\"url\":\"https:\\\/\\\/www.bauer-hans.de\\\/ferienhaus-in-kaernten\\\/\",\"name\":\"Ferienhaus in \u00d6sterreich \\\/ K\u00e4rnten direkt am See im Feriendorf mit zwei Pools\",\"description\":\"Ihr Traumurlaub in K\u00e4rnten N\u00e4he W\u00f6rthersee \\\/ Faaker See \u2013 unmittelbar vor den Karawanken\",\"publisher\":{\"@id\":\"https:\\\/\\\/www.bauer-hans.de\\\/ferienhaus-in-kaernten\\\/#organization\"},\"potentialAction\":[{\"@type\":\"SearchAction\",\"target\":{\"@type\":\"EntryPoint\",\"urlTemplate\":\"https:\\\/\\\/www.bauer-hans.de\\\/ferienhaus-in-kaernten\\\/?s={search_term_string}\"},\"query-input\":{\"@type\":\"PropertyValueSpecification\",\"valueRequired\":true,\"valueName\":\"search_term_string\"}}],\"inLanguage\":\"de\"},{\"@type\":\"Organization\",\"@id\":\"https:\\\/\\\/www.bauer-hans.de\\\/ferienhaus-in-kaernten\\\/#organization\",\"name\":\"Ferienhaus in \u00d6sterreich \\\/ K\u00e4rnten direkt am See im Feriendorf mit zwei Pools\",\"url\":\"https:\\\/\\\/www.bauer-hans.de\\\/ferienhaus-in-kaernten\\\/\",\"logo\":{\"@type\":\"ImageObject\",\"inLanguage\":\"de\",\"@id\":\"https:\\\/\\\/www.bauer-hans.de\\\/ferienhaus-in-kaernten\\\/#\\\/schema\\\/logo\\\/image\\\/\",\"url\":\"https:\\\/\\\/www.bauer-hans.de\\\/ferienhaus-in-kaernten\\\/wp-content\\\/uploads\\\/sites\\\/7\\\/2018\\\/05\\\/cropped-logo-4-Sterne.jpg\",\"contentUrl\":\"https:\\\/\\\/www.bauer-hans.de\\\/ferienhaus-in-kaernten\\\/wp-content\\\/uploads\\\/sites\\\/7\\\/2018\\\/05\\\/cropped-logo-4-Sterne.jpg\",\"width\":249,\"height\":250,\"caption\":\"Ferienhaus in \u00d6sterreich \\\/ K\u00e4rnten direkt am See im Feriendorf mit zwei Pools\"},\"image\":{\"@id\":\"https:\\\/\\\/www.bauer-hans.de\\\/ferienhaus-in-kaernten\\\/#\\\/schema\\\/logo\\\/image\\\/\"}},{\"@type\":\"Person\",\"@id\":\"https:\\\/\\\/www.bauer-hans.de\\\/ferienhaus-in-kaernten\\\/#\\\/schema\\\/person\\\/ec8cee5d59eee83046ec1ea077642ec3\",\"name\":\"makler-hans\",\"image\":{\"@type\":\"ImageObject\",\"inLanguage\":\"de\",\"@id\":\"https:\\\/\\\/secure.gravatar.com\\\/avatar\\\/1de810de5966c4ec0b2bb8e8db121ea5bcbb1bd5f6eb943fb8a742f5b0b5f0f3?s=96&d=mm&r=g\",\"url\":\"https:\\\/\\\/secure.gravatar.com\\\/avatar\\\/1de810de5966c4ec0b2bb8e8db121ea5bcbb1bd5f6eb943fb8a742f5b0b5f0f3?s=96&d=mm&r=g\",\"contentUrl\":\"https:\\\/\\\/secure.gravatar.com\\\/avatar\\\/1de810de5966c4ec0b2bb8e8db121ea5bcbb1bd5f6eb943fb8a742f5b0b5f0f3?s=96&d=mm&r=g\",\"caption\":\"makler-hans\"},\"url\":\"https:\\\/\\\/www.bauer-hans.de\\\/ferienhaus-in-kaernten\\\/author\\\/admin\\\/\"}]}<\/script>\n<!-- \/ Yoast SEO plugin. -->","yoast_head_json":{"title":"GTI Treffen 2018 - Ferienhaus in \u00d6sterreich \/ K\u00e4rnten direkt am See im Feriendorf mit zwei Pools","robots":{"index":"index","follow":"follow","max-snippet":"max-snippet:-1","max-image-preview":"max-image-preview:large","max-video-preview":"max-video-preview:-1"},"canonical":"https:\/\/www.bauer-hans.de\/ferienhaus-in-kaernten\/2018\/05\/17\/gti-treffen-2018\/","twitter_misc":{"Verfasst von":"makler-hans"},"schema":{"@context":"https:\/\/schema.org","@graph":[{"@type":"Article","@id":"https:\/\/www.bauer-hans.de\/ferienhaus-in-kaernten\/2018\/05\/17\/gti-treffen-2018\/#article","isPartOf":{"@id":"https:\/\/www.bauer-hans.de\/ferienhaus-in-kaernten\/2018\/05\/17\/gti-treffen-2018\/"},"author":{"name":"makler-hans","@id":"https:\/\/www.bauer-hans.de\/ferienhaus-in-kaernten\/#\/schema\/person\/ec8cee5d59eee83046ec1ea077642ec3"},"headline":"GTI Treffen 2018","datePublished":"2018-05-17T15:40:20+00:00","mainEntityOfPage":{"@id":"https:\/\/www.bauer-hans.de\/ferienhaus-in-kaernten\/2018\/05\/17\/gti-treffen-2018\/"},"wordCount":17,"commentCount":0,"publisher":{"@id":"https:\/\/www.bauer-hans.de\/ferienhaus-in-kaernten\/#organization"},"image":{"@id":"https:\/\/www.bauer-hans.de\/ferienhaus-in-kaernten\/2018\/05\/17\/gti-treffen-2018\/#primaryimage"},"thumbnailUrl":"https:\/\/www.bauer-hans.de\/ferienhaus-in-kaernten\/wp-content\/uploads\/sites\/7\/2018\/05\/am-Haus.jpg","inLanguage":"de","potentialAction":[{"@type":"CommentAction","name":"Comment","target":["https:\/\/www.bauer-hans.de\/ferienhaus-in-kaernten\/2018\/05\/17\/gti-treffen-2018\/#respond"]}]},{"@type":"WebPage","@id":"https:\/\/www.bauer-hans.de\/ferienhaus-in-kaernten\/2018\/05\/17\/gti-treffen-2018\/","url":"https:\/\/www.bauer-hans.de\/ferienhaus-in-kaernten\/2018\/05\/17\/gti-treffen-2018\/","name":"GTI Treffen 2018 - Ferienhaus in \u00d6sterreich \/ K\u00e4rnten direkt am See im Feriendorf mit zwei Pools","isPartOf":{"@id":"https:\/\/www.bauer-hans.de\/ferienhaus-in-kaernten\/#website"},"primaryImageOfPage":{"@id":"https:\/\/www.bauer-hans.de\/ferienhaus-in-kaernten\/2018\/05\/17\/gti-treffen-2018\/#primaryimage"},"image":{"@id":"https:\/\/www.bauer-hans.de\/ferienhaus-in-kaernten\/2018\/05\/17\/gti-treffen-2018\/#primaryimage"},"thumbnailUrl":"https:\/\/www.bauer-hans.de\/ferienhaus-in-kaernten\/wp-content\/uploads\/sites\/7\/2018\/05\/am-Haus.jpg","datePublished":"2018-05-17T15:40:20+00:00","breadcrumb":{"@id":"https:\/\/www.bauer-hans.de\/ferienhaus-in-kaernten\/2018\/05\/17\/gti-treffen-2018\/#breadcrumb"},"inLanguage":"de","potentialAction":[{"@type":"ReadAction","target":["https:\/\/www.bauer-hans.de\/ferienhaus-in-kaernten\/2018\/05\/17\/gti-treffen-2018\/"]}]},{"@type":"ImageObject","inLanguage":"de","@id":"https:\/\/www.bauer-hans.de\/ferienhaus-in-kaernten\/2018\/05\/17\/gti-treffen-2018\/#primaryimage","url":"https:\/\/www.bauer-hans.de\/ferienhaus-in-kaernten\/wp-content\/uploads\/sites\/7\/2018\/05\/am-Haus.jpg","contentUrl":"https:\/\/www.bauer-hans.de\/ferienhaus-in-kaernten\/wp-content\/uploads\/sites\/7\/2018\/05\/am-Haus.jpg","width":1280,"height":720},{"@type":"BreadcrumbList","@id":"https:\/\/www.bauer-hans.de\/ferienhaus-in-kaernten\/2018\/05\/17\/gti-treffen-2018\/#breadcrumb","itemListElement":[{"@type":"ListItem","position":1,"name":"Startseite","item":"https:\/\/www.bauer-hans.de\/ferienhaus-in-kaernten\/"},{"@type":"ListItem","position":2,"name":"GTI Treffen 2018"}]},{"@type":"WebSite","@id":"https:\/\/www.bauer-hans.de\/ferienhaus-in-kaernten\/#website","url":"https:\/\/www.bauer-hans.de\/ferienhaus-in-kaernten\/","name":"Ferienhaus in \u00d6sterreich \/ K\u00e4rnten direkt am See im Feriendorf mit zwei Pools","description":"Ihr Traumurlaub in K\u00e4rnten N\u00e4he W\u00f6rthersee \/ Faaker See \u2013 unmittelbar vor den Karawanken","publisher":{"@id":"https:\/\/www.bauer-hans.de\/ferienhaus-in-kaernten\/#organization"},"potentialAction":[{"@type":"SearchAction","target":{"@type":"EntryPoint","urlTemplate":"https:\/\/www.bauer-hans.de\/ferienhaus-in-kaernten\/?s={search_term_string}"},"query-input":{"@type":"PropertyValueSpecification","valueRequired":true,"valueName":"search_term_string"}}],"inLanguage":"de"},{"@type":"Organization","@id":"https:\/\/www.bauer-hans.de\/ferienhaus-in-kaernten\/#organization","name":"Ferienhaus in \u00d6sterreich \/ K\u00e4rnten direkt am See im Feriendorf mit zwei Pools","url":"https:\/\/www.bauer-hans.de\/ferienhaus-in-kaernten\/","logo":{"@type":"ImageObject","inLanguage":"de","@id":"https:\/\/www.bauer-hans.de\/ferienhaus-in-kaernten\/#\/schema\/logo\/image\/","url":"https:\/\/www.bauer-hans.de\/ferienhaus-in-kaernten\/wp-content\/uploads\/sites\/7\/2018\/05\/cropped-logo-4-Sterne.jpg","contentUrl":"https:\/\/www.bauer-hans.de\/ferienhaus-in-kaernten\/wp-content\/uploads\/sites\/7\/2018\/05\/cropped-logo-4-Sterne.jpg","width":249,"height":250,"caption":"Ferienhaus in \u00d6sterreich \/ K\u00e4rnten direkt am See im Feriendorf mit zwei Pools"},"image":{"@id":"https:\/\/www.bauer-hans.de\/ferienhaus-in-kaernten\/#\/schema\/logo\/image\/"}},{"@type":"Person","@id":"https:\/\/www.bauer-hans.de\/ferienhaus-in-kaernten\/#\/schema\/person\/ec8cee5d59eee83046ec1ea077642ec3","name":"makler-hans","image":{"@type":"ImageObject","inLanguage":"de","@id":"https:\/\/secure.gravatar.com\/avatar\/1de810de5966c4ec0b2bb8e8db121ea5bcbb1bd5f6eb943fb8a742f5b0b5f0f3?s=96&d=mm&r=g","url":"https:\/\/secure.gravatar.com\/avatar\/1de810de5966c4ec0b2bb8e8db121ea5bcbb1bd5f6eb943fb8a742f5b0b5f0f3?s=96&d=mm&r=g","contentUrl":"https:\/\/secure.gravatar.com\/avatar\/1de810de5966c4ec0b2bb8e8db121ea5bcbb1bd5f6eb943fb8a742f5b0b5f0f3?s=96&d=mm&r=g","caption":"makler-hans"},"url":"https:\/\/www.bauer-hans.de\/ferienhaus-in-kaernten\/author\/admin\/"}]}},"_links":{"self":[{"href":"https:\/\/www.bauer-hans.de\/ferienhaus-in-kaernten\/wp-json\/wp\/v2\/posts\/2090","targetHints":{"allow":["GET"]}}],"collection":[{"href":"https:\/\/www.bauer-hans.de\/ferienhaus-in-kaernten\/wp-json\/wp\/v2\/posts"}],"about":[{"href":"https:\/\/www.bauer-hans.de\/ferienhaus-in-kaernten\/wp-json\/wp\/v2\/types\/post"}],"author":[{"embeddable":true,"href":"https:\/\/www.bauer-hans.de\/ferienhaus-in-kaernten\/wp-json\/wp\/v2\/users\/2"}],"replies":[{"embeddable":true,"href":"https:\/\/www.bauer-hans.de\/ferienhaus-in-kaernten\/wp-json\/wp\/v2\/comments?post=2090"}],"version-history":[{"count":1,"href":"https:\/\/www.bauer-hans.de\/ferienhaus-in-kaernten\/wp-json\/wp\/v2\/posts\/2090\/revisions"}],"predecessor-version":[{"id":2095,"href":"https:\/\/www.bauer-hans.de\/ferienhaus-in-kaernten\/wp-json\/wp\/v2\/posts\/2090\/revisions\/2095"}],"wp:attachment":[{"href":"https:\/\/www.bauer-hans.de\/ferienhaus-in-kaernten\/wp-json\/wp\/v2\/media?parent=2090"}],"wp:term":[{"taxonomy":"category","embeddable":true,"href":"https:\/\/www.bauer-hans.de\/ferienhaus-in-kaernten\/wp-json\/wp\/v2\/categories?post=2090"},{"taxonomy":"post_tag","embeddable":true,"href":"https:\/\/www.bauer-hans.de\/ferienhaus-in-kaernten\/wp-json\/wp\/v2\/tags?post=2090"}],"curies":[{"name":"wp","href":"https:\/\/api.w.org\/{rel}","templated":true}]}}