{"id":924,"date":"2011-03-16T16:01:01","date_gmt":"2011-03-16T16:01:01","guid":{"rendered":"http:\/\/www.ferienhaus-in-kaernten.de\/?p=924"},"modified":"2011-03-16T16:01:01","modified_gmt":"2011-03-16T16:01:01","slug":"urlaub-wandern-in-karnten-im-fruhling","status":"publish","type":"post","link":"https:\/\/www.bauer-hans.de\/ferienhaus-in-kaernten\/2011\/03\/16\/urlaub-wandern-in-karnten-im-fruhling\/","title":{"rendered":"Urlaub &#8211; wandern in K\u00e4rnten im Fr\u00fchling"},"content":{"rendered":"<p><a rel=\"attachment wp-att-926\" href=\"http:\/\/www.ferienhaus-in-kaernten.de\/2011\/03\/16\/urlaub-wandern-in-karnten-im-fruhling\/hund-frau-und-mann-haben-spass-2\/\"><img loading=\"lazy\" decoding=\"async\" class=\"alignleft size-medium wp-image-926\" title=\"Spazierg\u00e4nger\" src=\"https:\/\/www.bauer-hans.de\/ferienhaus-in-kaernten\/wp-content\/uploads\/sites\/7\/2011\/03\/spzierg\u00e4nge_hund-250x166.jpg\" alt=\"\" width=\"250\" height=\"166\" \/><\/a>Endlich Fr\u00fchling, endlich Sonne, das erste zarte Gr\u00fcn auf den B\u00e4umen.<br \/>\nDer Fr\u00fchling ist die ideale Zeit um die herrliche Landschaft in K\u00e4rnten zu erwandern. Genie\u00dfen Sie die W\u00e4rme bei einem Bad in der Sonne. Sollte der Himmel mal verhangen sein dann legen Sie doch einen Wellnesstag ein &#8211; bis dorthin sind es lediglich 150 m.<\/p>\n<p>Wir freuen uns auf Ihren Besuch.<\/p>\n","protected":false},"excerpt":{"rendered":"<p>Endlich Fr\u00fchling, endlich Sonne, das erste zarte Gr\u00fcn auf den B\u00e4umen. Der Fr\u00fchling ist die ideale Zeit um die herrliche Landschaft in K\u00e4rnten zu erwandern. Genie\u00dfen Sie die W\u00e4rme bei einem Bad in der Sonne. Sollte der Himmel mal verhangen sein dann legen Sie doch einen Wellnesstag ein &#8211; bis dorthin sind es lediglich 150 &hellip; <\/p>\n<p class=\"link-more\"><a href=\"https:\/\/www.bauer-hans.de\/ferienhaus-in-kaernten\/2011\/03\/16\/urlaub-wandern-in-karnten-im-fruhling\/\" class=\"more-link\"><span class=\"screen-reader-text\">\u201eUrlaub &#8211; wandern in K\u00e4rnten im Fr\u00fchling\u201c <\/span>weiterlesen<\/a><\/p>\n","protected":false},"author":2,"featured_media":0,"comment_status":"closed","ping_status":"closed","sticky":false,"template":"","format":"standard","meta":{"_acf_changed":false,"footnotes":""},"categories":[1],"tags":[],"class_list":["post-924","post","type-post","status-publish","format-standard","hentry","category-allgemein"],"acf":[],"yoast_head":"<!-- This site is optimized with the Yoast SEO plugin v27.5 - https:\/\/yoast.com\/product\/yoast-seo-wordpress\/ -->\n<title>Urlaub - wandern in K\u00e4rnten im Fr\u00fchling - Ferienhaus in \u00d6sterreich \/ K\u00e4rnten direkt am See im Feriendorf mit zwei Pools<\/title>\n<meta name=\"robots\" content=\"index, follow, max-snippet:-1, max-image-preview:large, max-video-preview:-1\" \/>\n<link rel=\"canonical\" href=\"https:\/\/www.bauer-hans.de\/ferienhaus-in-kaernten\/2011\/03\/16\/urlaub-wandern-in-karnten-im-fruhling\/\" \/>\n<meta name=\"twitter:label1\" content=\"Verfasst von\" \/>\n\t<meta name=\"twitter:data1\" content=\"makler-hans\" \/>\n<script type=\"application\/ld+json\" class=\"yoast-schema-graph\">{\"@context\":\"https:\\\/\\\/schema.org\",\"@graph\":[{\"@type\":\"Article\",\"@id\":\"https:\\\/\\\/www.bauer-hans.de\\\/ferienhaus-in-kaernten\\\/2011\\\/03\\\/16\\\/urlaub-wandern-in-karnten-im-fruhling\\\/#article\",\"isPartOf\":{\"@id\":\"https:\\\/\\\/www.bauer-hans.de\\\/ferienhaus-in-kaernten\\\/2011\\\/03\\\/16\\\/urlaub-wandern-in-karnten-im-fruhling\\\/\"},\"author\":{\"name\":\"makler-hans\",\"@id\":\"https:\\\/\\\/www.bauer-hans.de\\\/ferienhaus-in-kaernten\\\/#\\\/schema\\\/person\\\/ec8cee5d59eee83046ec1ea077642ec3\"},\"headline\":\"Urlaub &#8211; wandern in K\u00e4rnten im Fr\u00fchling\",\"datePublished\":\"2011-03-16T16:01:01+00:00\",\"mainEntityOfPage\":{\"@id\":\"https:\\\/\\\/www.bauer-hans.de\\\/ferienhaus-in-kaernten\\\/2011\\\/03\\\/16\\\/urlaub-wandern-in-karnten-im-fruhling\\\/\"},\"wordCount\":77,\"publisher\":{\"@id\":\"https:\\\/\\\/www.bauer-hans.de\\\/ferienhaus-in-kaernten\\\/#organization\"},\"inLanguage\":\"de\"},{\"@type\":\"WebPage\",\"@id\":\"https:\\\/\\\/www.bauer-hans.de\\\/ferienhaus-in-kaernten\\\/2011\\\/03\\\/16\\\/urlaub-wandern-in-karnten-im-fruhling\\\/\",\"url\":\"https:\\\/\\\/www.bauer-hans.de\\\/ferienhaus-in-kaernten\\\/2011\\\/03\\\/16\\\/urlaub-wandern-in-karnten-im-fruhling\\\/\",\"name\":\"Urlaub - wandern in K\u00e4rnten im Fr\u00fchling - Ferienhaus in \u00d6sterreich \\\/ K\u00e4rnten direkt am See im Feriendorf mit zwei Pools\",\"isPartOf\":{\"@id\":\"https:\\\/\\\/www.bauer-hans.de\\\/ferienhaus-in-kaernten\\\/#website\"},\"datePublished\":\"2011-03-16T16:01:01+00:00\",\"breadcrumb\":{\"@id\":\"https:\\\/\\\/www.bauer-hans.de\\\/ferienhaus-in-kaernten\\\/2011\\\/03\\\/16\\\/urlaub-wandern-in-karnten-im-fruhling\\\/#breadcrumb\"},\"inLanguage\":\"de\",\"potentialAction\":[{\"@type\":\"ReadAction\",\"target\":[\"https:\\\/\\\/www.bauer-hans.de\\\/ferienhaus-in-kaernten\\\/2011\\\/03\\\/16\\\/urlaub-wandern-in-karnten-im-fruhling\\\/\"]}]},{\"@type\":\"BreadcrumbList\",\"@id\":\"https:\\\/\\\/www.bauer-hans.de\\\/ferienhaus-in-kaernten\\\/2011\\\/03\\\/16\\\/urlaub-wandern-in-karnten-im-fruhling\\\/#breadcrumb\",\"itemListElement\":[{\"@type\":\"ListItem\",\"position\":1,\"name\":\"Startseite\",\"item\":\"https:\\\/\\\/www.bauer-hans.de\\\/ferienhaus-in-kaernten\\\/\"},{\"@type\":\"ListItem\",\"position\":2,\"name\":\"Urlaub &#8211; wandern in K\u00e4rnten im Fr\u00fchling\"}]},{\"@type\":\"WebSite\",\"@id\":\"https:\\\/\\\/www.bauer-hans.de\\\/ferienhaus-in-kaernten\\\/#website\",\"url\":\"https:\\\/\\\/www.bauer-hans.de\\\/ferienhaus-in-kaernten\\\/\",\"name\":\"Ferienhaus in \u00d6sterreich \\\/ K\u00e4rnten direkt am See im Feriendorf mit zwei Pools\",\"description\":\"Ihr Traumurlaub in K\u00e4rnten N\u00e4he W\u00f6rthersee \\\/ Faaker See \u2013 unmittelbar vor den Karawanken\",\"publisher\":{\"@id\":\"https:\\\/\\\/www.bauer-hans.de\\\/ferienhaus-in-kaernten\\\/#organization\"},\"potentialAction\":[{\"@type\":\"SearchAction\",\"target\":{\"@type\":\"EntryPoint\",\"urlTemplate\":\"https:\\\/\\\/www.bauer-hans.de\\\/ferienhaus-in-kaernten\\\/?s={search_term_string}\"},\"query-input\":{\"@type\":\"PropertyValueSpecification\",\"valueRequired\":true,\"valueName\":\"search_term_string\"}}],\"inLanguage\":\"de\"},{\"@type\":\"Organization\",\"@id\":\"https:\\\/\\\/www.bauer-hans.de\\\/ferienhaus-in-kaernten\\\/#organization\",\"name\":\"Ferienhaus in \u00d6sterreich \\\/ K\u00e4rnten direkt am See im Feriendorf mit zwei Pools\",\"url\":\"https:\\\/\\\/www.bauer-hans.de\\\/ferienhaus-in-kaernten\\\/\",\"logo\":{\"@type\":\"ImageObject\",\"inLanguage\":\"de\",\"@id\":\"https:\\\/\\\/www.bauer-hans.de\\\/ferienhaus-in-kaernten\\\/#\\\/schema\\\/logo\\\/image\\\/\",\"url\":\"https:\\\/\\\/www.bauer-hans.de\\\/ferienhaus-in-kaernten\\\/wp-content\\\/uploads\\\/sites\\\/7\\\/2018\\\/05\\\/cropped-logo-4-Sterne.jpg\",\"contentUrl\":\"https:\\\/\\\/www.bauer-hans.de\\\/ferienhaus-in-kaernten\\\/wp-content\\\/uploads\\\/sites\\\/7\\\/2018\\\/05\\\/cropped-logo-4-Sterne.jpg\",\"width\":249,\"height\":250,\"caption\":\"Ferienhaus in \u00d6sterreich \\\/ K\u00e4rnten direkt am See im Feriendorf mit zwei Pools\"},\"image\":{\"@id\":\"https:\\\/\\\/www.bauer-hans.de\\\/ferienhaus-in-kaernten\\\/#\\\/schema\\\/logo\\\/image\\\/\"}},{\"@type\":\"Person\",\"@id\":\"https:\\\/\\\/www.bauer-hans.de\\\/ferienhaus-in-kaernten\\\/#\\\/schema\\\/person\\\/ec8cee5d59eee83046ec1ea077642ec3\",\"name\":\"makler-hans\",\"image\":{\"@type\":\"ImageObject\",\"inLanguage\":\"de\",\"@id\":\"https:\\\/\\\/secure.gravatar.com\\\/avatar\\\/1de810de5966c4ec0b2bb8e8db121ea5bcbb1bd5f6eb943fb8a742f5b0b5f0f3?s=96&d=mm&r=g\",\"url\":\"https:\\\/\\\/secure.gravatar.com\\\/avatar\\\/1de810de5966c4ec0b2bb8e8db121ea5bcbb1bd5f6eb943fb8a742f5b0b5f0f3?s=96&d=mm&r=g\",\"contentUrl\":\"https:\\\/\\\/secure.gravatar.com\\\/avatar\\\/1de810de5966c4ec0b2bb8e8db121ea5bcbb1bd5f6eb943fb8a742f5b0b5f0f3?s=96&d=mm&r=g\",\"caption\":\"makler-hans\"},\"url\":\"https:\\\/\\\/www.bauer-hans.de\\\/ferienhaus-in-kaernten\\\/author\\\/admin\\\/\"}]}<\/script>\n<!-- \/ Yoast SEO plugin. -->","yoast_head_json":{"title":"Urlaub - wandern in K\u00e4rnten im Fr\u00fchling - Ferienhaus in \u00d6sterreich \/ K\u00e4rnten direkt am See im Feriendorf mit zwei Pools","robots":{"index":"index","follow":"follow","max-snippet":"max-snippet:-1","max-image-preview":"max-image-preview:large","max-video-preview":"max-video-preview:-1"},"canonical":"https:\/\/www.bauer-hans.de\/ferienhaus-in-kaernten\/2011\/03\/16\/urlaub-wandern-in-karnten-im-fruhling\/","twitter_misc":{"Verfasst von":"makler-hans"},"schema":{"@context":"https:\/\/schema.org","@graph":[{"@type":"Article","@id":"https:\/\/www.bauer-hans.de\/ferienhaus-in-kaernten\/2011\/03\/16\/urlaub-wandern-in-karnten-im-fruhling\/#article","isPartOf":{"@id":"https:\/\/www.bauer-hans.de\/ferienhaus-in-kaernten\/2011\/03\/16\/urlaub-wandern-in-karnten-im-fruhling\/"},"author":{"name":"makler-hans","@id":"https:\/\/www.bauer-hans.de\/ferienhaus-in-kaernten\/#\/schema\/person\/ec8cee5d59eee83046ec1ea077642ec3"},"headline":"Urlaub &#8211; wandern in K\u00e4rnten im Fr\u00fchling","datePublished":"2011-03-16T16:01:01+00:00","mainEntityOfPage":{"@id":"https:\/\/www.bauer-hans.de\/ferienhaus-in-kaernten\/2011\/03\/16\/urlaub-wandern-in-karnten-im-fruhling\/"},"wordCount":77,"publisher":{"@id":"https:\/\/www.bauer-hans.de\/ferienhaus-in-kaernten\/#organization"},"inLanguage":"de"},{"@type":"WebPage","@id":"https:\/\/www.bauer-hans.de\/ferienhaus-in-kaernten\/2011\/03\/16\/urlaub-wandern-in-karnten-im-fruhling\/","url":"https:\/\/www.bauer-hans.de\/ferienhaus-in-kaernten\/2011\/03\/16\/urlaub-wandern-in-karnten-im-fruhling\/","name":"Urlaub - wandern in K\u00e4rnten im Fr\u00fchling - Ferienhaus in \u00d6sterreich \/ K\u00e4rnten direkt am See im Feriendorf mit zwei Pools","isPartOf":{"@id":"https:\/\/www.bauer-hans.de\/ferienhaus-in-kaernten\/#website"},"datePublished":"2011-03-16T16:01:01+00:00","breadcrumb":{"@id":"https:\/\/www.bauer-hans.de\/ferienhaus-in-kaernten\/2011\/03\/16\/urlaub-wandern-in-karnten-im-fruhling\/#breadcrumb"},"inLanguage":"de","potentialAction":[{"@type":"ReadAction","target":["https:\/\/www.bauer-hans.de\/ferienhaus-in-kaernten\/2011\/03\/16\/urlaub-wandern-in-karnten-im-fruhling\/"]}]},{"@type":"BreadcrumbList","@id":"https:\/\/www.bauer-hans.de\/ferienhaus-in-kaernten\/2011\/03\/16\/urlaub-wandern-in-karnten-im-fruhling\/#breadcrumb","itemListElement":[{"@type":"ListItem","position":1,"name":"Startseite","item":"https:\/\/www.bauer-hans.de\/ferienhaus-in-kaernten\/"},{"@type":"ListItem","position":2,"name":"Urlaub &#8211; wandern in K\u00e4rnten im Fr\u00fchling"}]},{"@type":"WebSite","@id":"https:\/\/www.bauer-hans.de\/ferienhaus-in-kaernten\/#website","url":"https:\/\/www.bauer-hans.de\/ferienhaus-in-kaernten\/","name":"Ferienhaus in \u00d6sterreich \/ K\u00e4rnten direkt am See im Feriendorf mit zwei Pools","description":"Ihr Traumurlaub in K\u00e4rnten N\u00e4he W\u00f6rthersee \/ Faaker See \u2013 unmittelbar vor den Karawanken","publisher":{"@id":"https:\/\/www.bauer-hans.de\/ferienhaus-in-kaernten\/#organization"},"potentialAction":[{"@type":"SearchAction","target":{"@type":"EntryPoint","urlTemplate":"https:\/\/www.bauer-hans.de\/ferienhaus-in-kaernten\/?s={search_term_string}"},"query-input":{"@type":"PropertyValueSpecification","valueRequired":true,"valueName":"search_term_string"}}],"inLanguage":"de"},{"@type":"Organization","@id":"https:\/\/www.bauer-hans.de\/ferienhaus-in-kaernten\/#organization","name":"Ferienhaus in \u00d6sterreich \/ K\u00e4rnten direkt am See im Feriendorf mit zwei Pools","url":"https:\/\/www.bauer-hans.de\/ferienhaus-in-kaernten\/","logo":{"@type":"ImageObject","inLanguage":"de","@id":"https:\/\/www.bauer-hans.de\/ferienhaus-in-kaernten\/#\/schema\/logo\/image\/","url":"https:\/\/www.bauer-hans.de\/ferienhaus-in-kaernten\/wp-content\/uploads\/sites\/7\/2018\/05\/cropped-logo-4-Sterne.jpg","contentUrl":"https:\/\/www.bauer-hans.de\/ferienhaus-in-kaernten\/wp-content\/uploads\/sites\/7\/2018\/05\/cropped-logo-4-Sterne.jpg","width":249,"height":250,"caption":"Ferienhaus in \u00d6sterreich \/ K\u00e4rnten direkt am See im Feriendorf mit zwei Pools"},"image":{"@id":"https:\/\/www.bauer-hans.de\/ferienhaus-in-kaernten\/#\/schema\/logo\/image\/"}},{"@type":"Person","@id":"https:\/\/www.bauer-hans.de\/ferienhaus-in-kaernten\/#\/schema\/person\/ec8cee5d59eee83046ec1ea077642ec3","name":"makler-hans","image":{"@type":"ImageObject","inLanguage":"de","@id":"https:\/\/secure.gravatar.com\/avatar\/1de810de5966c4ec0b2bb8e8db121ea5bcbb1bd5f6eb943fb8a742f5b0b5f0f3?s=96&d=mm&r=g","url":"https:\/\/secure.gravatar.com\/avatar\/1de810de5966c4ec0b2bb8e8db121ea5bcbb1bd5f6eb943fb8a742f5b0b5f0f3?s=96&d=mm&r=g","contentUrl":"https:\/\/secure.gravatar.com\/avatar\/1de810de5966c4ec0b2bb8e8db121ea5bcbb1bd5f6eb943fb8a742f5b0b5f0f3?s=96&d=mm&r=g","caption":"makler-hans"},"url":"https:\/\/www.bauer-hans.de\/ferienhaus-in-kaernten\/author\/admin\/"}]}},"_links":{"self":[{"href":"https:\/\/www.bauer-hans.de\/ferienhaus-in-kaernten\/wp-json\/wp\/v2\/posts\/924","targetHints":{"allow":["GET"]}}],"collection":[{"href":"https:\/\/www.bauer-hans.de\/ferienhaus-in-kaernten\/wp-json\/wp\/v2\/posts"}],"about":[{"href":"https:\/\/www.bauer-hans.de\/ferienhaus-in-kaernten\/wp-json\/wp\/v2\/types\/post"}],"author":[{"embeddable":true,"href":"https:\/\/www.bauer-hans.de\/ferienhaus-in-kaernten\/wp-json\/wp\/v2\/users\/2"}],"replies":[{"embeddable":true,"href":"https:\/\/www.bauer-hans.de\/ferienhaus-in-kaernten\/wp-json\/wp\/v2\/comments?post=924"}],"version-history":[{"count":0,"href":"https:\/\/www.bauer-hans.de\/ferienhaus-in-kaernten\/wp-json\/wp\/v2\/posts\/924\/revisions"}],"wp:attachment":[{"href":"https:\/\/www.bauer-hans.de\/ferienhaus-in-kaernten\/wp-json\/wp\/v2\/media?parent=924"}],"wp:term":[{"taxonomy":"category","embeddable":true,"href":"https:\/\/www.bauer-hans.de\/ferienhaus-in-kaernten\/wp-json\/wp\/v2\/categories?post=924"},{"taxonomy":"post_tag","embeddable":true,"href":"https:\/\/www.bauer-hans.de\/ferienhaus-in-kaernten\/wp-json\/wp\/v2\/tags?post=924"}],"curies":[{"name":"wp","href":"https:\/\/api.w.org\/{rel}","templated":true}]}}