{"id":261,"date":"2010-11-02T18:22:07","date_gmt":"2010-11-02T18:22:07","guid":{"rendered":"http:\/\/www.ferienwohnung-im-baederdreieck.de\/?p=261"},"modified":"2010-11-02T18:22:07","modified_gmt":"2010-11-02T18:22:07","slug":"wellness-und-thermal-baderdreieck-im-herbst-ideal","status":"publish","type":"post","link":"https:\/\/www.bauer-hans.de\/ferienwohnung-im-baederdreieck\/2010\/11\/02\/wellness-und-thermal-baderdreieck-im-herbst-ideal\/","title":{"rendered":"Wellness und Thermal &#8211; B\u00e4derdreieck im Herbst ideal"},"content":{"rendered":"<p><a rel=\"attachment wp-att-301\" href=\"https:\/\/www.ferienwohnung-im-baederdreieck.de\/2010\/11\/02\/wellness-und-thermal-baderdreieck-im-herbst-ideal\/therme1_sinnenreich\/\"><img loading=\"lazy\" decoding=\"async\" class=\"alignleft size-thumbnail wp-image-301\" title=\"Therme1 Sinnenreich\" src=\"https:\/\/www.bauer-hans.de\/ferienwohnung-im-baederdreieck\/wp-content\/uploads\/sites\/8\/2010\/11\/Therme1_Sinnenreich-150x150.jpg\" alt=\"\" width=\"150\" height=\"150\" \/><\/a>Lassen Sie sich verw\u00f6hnen in den \u00a0bekanntesten und gr\u00f6\u00dften Thermalb\u00e4der Deutschlands. Bad F\u00fcssing, Bad Griesbach und Bad Birnbach sind nur wenige km von ihrer Ferienwohnung entfernt. Zwei Personen zahlen f\u00fcr eine Woche zum<\/p>\n<h2>Schn\u00e4ppchenpreis-Angebot, 199 Euro alles inklusive.<\/h2>\n<p>Dieses Angebot gilt ab sofort bis einschlie\u00dflich 14. Dezember 2010<\/p>\n","protected":false},"excerpt":{"rendered":"<p>Lassen Sie sich verw\u00f6hnen in den \u00a0bekanntesten und gr\u00f6\u00dften Thermalb\u00e4der Deutschlands. Bad F\u00fcssing, Bad Griesbach und Bad Birnbach sind nur wenige km von ihrer Ferienwohnung entfernt. Zwei Personen zahlen f\u00fcr eine Woche zum Schn\u00e4ppchenpreis-Angebot, 199 Euro alles inklusive. Dieses Angebot gilt ab sofort bis einschlie\u00dflich 14. Dezember 2010<\/p>\n","protected":false},"author":2,"featured_media":0,"comment_status":"open","ping_status":"closed","sticky":false,"template":"","format":"standard","meta":{"_acf_changed":false,"footnotes":""},"categories":[1],"tags":[],"class_list":["post-261","post","type-post","status-publish","format-standard","hentry","category-allgemein"],"acf":[],"yoast_head":"<!-- This site is optimized with the Yoast SEO plugin v27.5 - https:\/\/yoast.com\/product\/yoast-seo-wordpress\/ -->\n<title>Wellness und Thermal - B\u00e4derdreieck im Herbst ideal  - Ferienwohnung B\u00e4derdreieck Niederbayern | F\u00fcssing | Birnbach | Griesbach |<\/title>\n<meta name=\"robots\" content=\"index, follow, max-snippet:-1, max-image-preview:large, max-video-preview:-1\" \/>\n<link rel=\"canonical\" href=\"https:\/\/www.bauer-hans.de\/ferienwohnung-im-baederdreieck\/2010\/11\/02\/wellness-und-thermal-baderdreieck-im-herbst-ideal\/\" \/>\n<meta name=\"twitter:label1\" content=\"Verfasst von\" \/>\n\t<meta name=\"twitter:data1\" content=\"makler-hans\" \/>\n<script type=\"application\/ld+json\" class=\"yoast-schema-graph\">{\"@context\":\"https:\\\/\\\/schema.org\",\"@graph\":[{\"@type\":\"Article\",\"@id\":\"https:\\\/\\\/www.bauer-hans.de\\\/ferienwohnung-im-baederdreieck\\\/2010\\\/11\\\/02\\\/wellness-und-thermal-baderdreieck-im-herbst-ideal\\\/#article\",\"isPartOf\":{\"@id\":\"https:\\\/\\\/www.bauer-hans.de\\\/ferienwohnung-im-baederdreieck\\\/2010\\\/11\\\/02\\\/wellness-und-thermal-baderdreieck-im-herbst-ideal\\\/\"},\"author\":{\"name\":\"makler-hans\",\"@id\":\"https:\\\/\\\/www.bauer-hans.de\\\/ferienwohnung-im-baederdreieck\\\/#\\\/schema\\\/person\\\/ec8cee5d59eee83046ec1ea077642ec3\"},\"headline\":\"Wellness und Thermal &#8211; B\u00e4derdreieck im Herbst ideal\",\"datePublished\":\"2010-11-02T18:22:07+00:00\",\"mainEntityOfPage\":{\"@id\":\"https:\\\/\\\/www.bauer-hans.de\\\/ferienwohnung-im-baederdreieck\\\/2010\\\/11\\\/02\\\/wellness-und-thermal-baderdreieck-im-herbst-ideal\\\/\"},\"wordCount\":61,\"commentCount\":0,\"image\":{\"@id\":\"https:\\\/\\\/www.bauer-hans.de\\\/ferienwohnung-im-baederdreieck\\\/2010\\\/11\\\/02\\\/wellness-und-thermal-baderdreieck-im-herbst-ideal\\\/#primaryimage\"},\"thumbnailUrl\":\"https:\\\/\\\/www.bauer-hans.de\\\/ferienwohnung-im-baederdreieck\\\/wp-content\\\/uploads\\\/sites\\\/8\\\/2010\\\/11\\\/Therme1_Sinnenreich-150x150.jpg\",\"inLanguage\":\"de\",\"potentialAction\":[{\"@type\":\"CommentAction\",\"name\":\"Comment\",\"target\":[\"https:\\\/\\\/www.bauer-hans.de\\\/ferienwohnung-im-baederdreieck\\\/2010\\\/11\\\/02\\\/wellness-und-thermal-baderdreieck-im-herbst-ideal\\\/#respond\"]}]},{\"@type\":\"WebPage\",\"@id\":\"https:\\\/\\\/www.bauer-hans.de\\\/ferienwohnung-im-baederdreieck\\\/2010\\\/11\\\/02\\\/wellness-und-thermal-baderdreieck-im-herbst-ideal\\\/\",\"url\":\"https:\\\/\\\/www.bauer-hans.de\\\/ferienwohnung-im-baederdreieck\\\/2010\\\/11\\\/02\\\/wellness-und-thermal-baderdreieck-im-herbst-ideal\\\/\",\"name\":\"Wellness und Thermal - B\u00e4derdreieck im Herbst ideal - Ferienwohnung B\u00e4derdreieck Niederbayern | F\u00fcssing | Birnbach | Griesbach |\",\"isPartOf\":{\"@id\":\"https:\\\/\\\/www.bauer-hans.de\\\/ferienwohnung-im-baederdreieck\\\/#website\"},\"primaryImageOfPage\":{\"@id\":\"https:\\\/\\\/www.bauer-hans.de\\\/ferienwohnung-im-baederdreieck\\\/2010\\\/11\\\/02\\\/wellness-und-thermal-baderdreieck-im-herbst-ideal\\\/#primaryimage\"},\"image\":{\"@id\":\"https:\\\/\\\/www.bauer-hans.de\\\/ferienwohnung-im-baederdreieck\\\/2010\\\/11\\\/02\\\/wellness-und-thermal-baderdreieck-im-herbst-ideal\\\/#primaryimage\"},\"thumbnailUrl\":\"https:\\\/\\\/www.bauer-hans.de\\\/ferienwohnung-im-baederdreieck\\\/wp-content\\\/uploads\\\/sites\\\/8\\\/2010\\\/11\\\/Therme1_Sinnenreich-150x150.jpg\",\"datePublished\":\"2010-11-02T18:22:07+00:00\",\"author\":{\"@id\":\"https:\\\/\\\/www.bauer-hans.de\\\/ferienwohnung-im-baederdreieck\\\/#\\\/schema\\\/person\\\/ec8cee5d59eee83046ec1ea077642ec3\"},\"breadcrumb\":{\"@id\":\"https:\\\/\\\/www.bauer-hans.de\\\/ferienwohnung-im-baederdreieck\\\/2010\\\/11\\\/02\\\/wellness-und-thermal-baderdreieck-im-herbst-ideal\\\/#breadcrumb\"},\"inLanguage\":\"de\",\"potentialAction\":[{\"@type\":\"ReadAction\",\"target\":[\"https:\\\/\\\/www.bauer-hans.de\\\/ferienwohnung-im-baederdreieck\\\/2010\\\/11\\\/02\\\/wellness-und-thermal-baderdreieck-im-herbst-ideal\\\/\"]}]},{\"@type\":\"ImageObject\",\"inLanguage\":\"de\",\"@id\":\"https:\\\/\\\/www.bauer-hans.de\\\/ferienwohnung-im-baederdreieck\\\/2010\\\/11\\\/02\\\/wellness-und-thermal-baderdreieck-im-herbst-ideal\\\/#primaryimage\",\"url\":\"https:\\\/\\\/www.bauer-hans.de\\\/ferienwohnung-im-baederdreieck\\\/wp-content\\\/uploads\\\/sites\\\/8\\\/2010\\\/11\\\/Therme1_Sinnenreich.jpg\",\"contentUrl\":\"https:\\\/\\\/www.bauer-hans.de\\\/ferienwohnung-im-baederdreieck\\\/wp-content\\\/uploads\\\/sites\\\/8\\\/2010\\\/11\\\/Therme1_Sinnenreich.jpg\",\"width\":500,\"height\":333},{\"@type\":\"BreadcrumbList\",\"@id\":\"https:\\\/\\\/www.bauer-hans.de\\\/ferienwohnung-im-baederdreieck\\\/2010\\\/11\\\/02\\\/wellness-und-thermal-baderdreieck-im-herbst-ideal\\\/#breadcrumb\",\"itemListElement\":[{\"@type\":\"ListItem\",\"position\":1,\"name\":\"Startseite\",\"item\":\"https:\\\/\\\/www.bauer-hans.de\\\/ferienwohnung-im-baederdreieck\\\/\"},{\"@type\":\"ListItem\",\"position\":2,\"name\":\"Wellness und Thermal &#8211; B\u00e4derdreieck im Herbst ideal\"}]},{\"@type\":\"WebSite\",\"@id\":\"https:\\\/\\\/www.bauer-hans.de\\\/ferienwohnung-im-baederdreieck\\\/#website\",\"url\":\"https:\\\/\\\/www.bauer-hans.de\\\/ferienwohnung-im-baederdreieck\\\/\",\"name\":\"Ferienwohnung B\u00e4derdreieck Niederbayern | F\u00fcssing | Birnbach | Griesbach |\",\"description\":\"Top Fewo, 2 SZ, Winter-Garten N\u00e4he Bad Birnbach, Bad F\u00fcssing, Bad Griesbach\",\"potentialAction\":[{\"@type\":\"SearchAction\",\"target\":{\"@type\":\"EntryPoint\",\"urlTemplate\":\"https:\\\/\\\/www.bauer-hans.de\\\/ferienwohnung-im-baederdreieck\\\/?s={search_term_string}\"},\"query-input\":{\"@type\":\"PropertyValueSpecification\",\"valueRequired\":true,\"valueName\":\"search_term_string\"}}],\"inLanguage\":\"de\"},{\"@type\":\"Person\",\"@id\":\"https:\\\/\\\/www.bauer-hans.de\\\/ferienwohnung-im-baederdreieck\\\/#\\\/schema\\\/person\\\/ec8cee5d59eee83046ec1ea077642ec3\",\"name\":\"makler-hans\",\"image\":{\"@type\":\"ImageObject\",\"inLanguage\":\"de\",\"@id\":\"https:\\\/\\\/secure.gravatar.com\\\/avatar\\\/1de810de5966c4ec0b2bb8e8db121ea5bcbb1bd5f6eb943fb8a742f5b0b5f0f3?s=96&d=mm&r=g\",\"url\":\"https:\\\/\\\/secure.gravatar.com\\\/avatar\\\/1de810de5966c4ec0b2bb8e8db121ea5bcbb1bd5f6eb943fb8a742f5b0b5f0f3?s=96&d=mm&r=g\",\"contentUrl\":\"https:\\\/\\\/secure.gravatar.com\\\/avatar\\\/1de810de5966c4ec0b2bb8e8db121ea5bcbb1bd5f6eb943fb8a742f5b0b5f0f3?s=96&d=mm&r=g\",\"caption\":\"makler-hans\"},\"url\":\"https:\\\/\\\/www.bauer-hans.de\\\/ferienwohnung-im-baederdreieck\\\/author\\\/admin\\\/\"}]}<\/script>\n<!-- \/ Yoast SEO plugin. -->","yoast_head_json":{"title":"Wellness und Thermal - B\u00e4derdreieck im Herbst ideal  - Ferienwohnung B\u00e4derdreieck Niederbayern | F\u00fcssing | Birnbach | Griesbach |","robots":{"index":"index","follow":"follow","max-snippet":"max-snippet:-1","max-image-preview":"max-image-preview:large","max-video-preview":"max-video-preview:-1"},"canonical":"https:\/\/www.bauer-hans.de\/ferienwohnung-im-baederdreieck\/2010\/11\/02\/wellness-und-thermal-baderdreieck-im-herbst-ideal\/","twitter_misc":{"Verfasst von":"makler-hans"},"schema":{"@context":"https:\/\/schema.org","@graph":[{"@type":"Article","@id":"https:\/\/www.bauer-hans.de\/ferienwohnung-im-baederdreieck\/2010\/11\/02\/wellness-und-thermal-baderdreieck-im-herbst-ideal\/#article","isPartOf":{"@id":"https:\/\/www.bauer-hans.de\/ferienwohnung-im-baederdreieck\/2010\/11\/02\/wellness-und-thermal-baderdreieck-im-herbst-ideal\/"},"author":{"name":"makler-hans","@id":"https:\/\/www.bauer-hans.de\/ferienwohnung-im-baederdreieck\/#\/schema\/person\/ec8cee5d59eee83046ec1ea077642ec3"},"headline":"Wellness und Thermal &#8211; B\u00e4derdreieck im Herbst ideal","datePublished":"2010-11-02T18:22:07+00:00","mainEntityOfPage":{"@id":"https:\/\/www.bauer-hans.de\/ferienwohnung-im-baederdreieck\/2010\/11\/02\/wellness-und-thermal-baderdreieck-im-herbst-ideal\/"},"wordCount":61,"commentCount":0,"image":{"@id":"https:\/\/www.bauer-hans.de\/ferienwohnung-im-baederdreieck\/2010\/11\/02\/wellness-und-thermal-baderdreieck-im-herbst-ideal\/#primaryimage"},"thumbnailUrl":"https:\/\/www.bauer-hans.de\/ferienwohnung-im-baederdreieck\/wp-content\/uploads\/sites\/8\/2010\/11\/Therme1_Sinnenreich-150x150.jpg","inLanguage":"de","potentialAction":[{"@type":"CommentAction","name":"Comment","target":["https:\/\/www.bauer-hans.de\/ferienwohnung-im-baederdreieck\/2010\/11\/02\/wellness-und-thermal-baderdreieck-im-herbst-ideal\/#respond"]}]},{"@type":"WebPage","@id":"https:\/\/www.bauer-hans.de\/ferienwohnung-im-baederdreieck\/2010\/11\/02\/wellness-und-thermal-baderdreieck-im-herbst-ideal\/","url":"https:\/\/www.bauer-hans.de\/ferienwohnung-im-baederdreieck\/2010\/11\/02\/wellness-und-thermal-baderdreieck-im-herbst-ideal\/","name":"Wellness und Thermal - B\u00e4derdreieck im Herbst ideal - Ferienwohnung B\u00e4derdreieck Niederbayern | F\u00fcssing | Birnbach | Griesbach |","isPartOf":{"@id":"https:\/\/www.bauer-hans.de\/ferienwohnung-im-baederdreieck\/#website"},"primaryImageOfPage":{"@id":"https:\/\/www.bauer-hans.de\/ferienwohnung-im-baederdreieck\/2010\/11\/02\/wellness-und-thermal-baderdreieck-im-herbst-ideal\/#primaryimage"},"image":{"@id":"https:\/\/www.bauer-hans.de\/ferienwohnung-im-baederdreieck\/2010\/11\/02\/wellness-und-thermal-baderdreieck-im-herbst-ideal\/#primaryimage"},"thumbnailUrl":"https:\/\/www.bauer-hans.de\/ferienwohnung-im-baederdreieck\/wp-content\/uploads\/sites\/8\/2010\/11\/Therme1_Sinnenreich-150x150.jpg","datePublished":"2010-11-02T18:22:07+00:00","author":{"@id":"https:\/\/www.bauer-hans.de\/ferienwohnung-im-baederdreieck\/#\/schema\/person\/ec8cee5d59eee83046ec1ea077642ec3"},"breadcrumb":{"@id":"https:\/\/www.bauer-hans.de\/ferienwohnung-im-baederdreieck\/2010\/11\/02\/wellness-und-thermal-baderdreieck-im-herbst-ideal\/#breadcrumb"},"inLanguage":"de","potentialAction":[{"@type":"ReadAction","target":["https:\/\/www.bauer-hans.de\/ferienwohnung-im-baederdreieck\/2010\/11\/02\/wellness-und-thermal-baderdreieck-im-herbst-ideal\/"]}]},{"@type":"ImageObject","inLanguage":"de","@id":"https:\/\/www.bauer-hans.de\/ferienwohnung-im-baederdreieck\/2010\/11\/02\/wellness-und-thermal-baderdreieck-im-herbst-ideal\/#primaryimage","url":"https:\/\/www.bauer-hans.de\/ferienwohnung-im-baederdreieck\/wp-content\/uploads\/sites\/8\/2010\/11\/Therme1_Sinnenreich.jpg","contentUrl":"https:\/\/www.bauer-hans.de\/ferienwohnung-im-baederdreieck\/wp-content\/uploads\/sites\/8\/2010\/11\/Therme1_Sinnenreich.jpg","width":500,"height":333},{"@type":"BreadcrumbList","@id":"https:\/\/www.bauer-hans.de\/ferienwohnung-im-baederdreieck\/2010\/11\/02\/wellness-und-thermal-baderdreieck-im-herbst-ideal\/#breadcrumb","itemListElement":[{"@type":"ListItem","position":1,"name":"Startseite","item":"https:\/\/www.bauer-hans.de\/ferienwohnung-im-baederdreieck\/"},{"@type":"ListItem","position":2,"name":"Wellness und Thermal &#8211; B\u00e4derdreieck im Herbst ideal"}]},{"@type":"WebSite","@id":"https:\/\/www.bauer-hans.de\/ferienwohnung-im-baederdreieck\/#website","url":"https:\/\/www.bauer-hans.de\/ferienwohnung-im-baederdreieck\/","name":"Ferienwohnung B\u00e4derdreieck Niederbayern | F\u00fcssing | Birnbach | Griesbach |","description":"Top Fewo, 2 SZ, Winter-Garten N\u00e4he Bad Birnbach, Bad F\u00fcssing, Bad Griesbach","potentialAction":[{"@type":"SearchAction","target":{"@type":"EntryPoint","urlTemplate":"https:\/\/www.bauer-hans.de\/ferienwohnung-im-baederdreieck\/?s={search_term_string}"},"query-input":{"@type":"PropertyValueSpecification","valueRequired":true,"valueName":"search_term_string"}}],"inLanguage":"de"},{"@type":"Person","@id":"https:\/\/www.bauer-hans.de\/ferienwohnung-im-baederdreieck\/#\/schema\/person\/ec8cee5d59eee83046ec1ea077642ec3","name":"makler-hans","image":{"@type":"ImageObject","inLanguage":"de","@id":"https:\/\/secure.gravatar.com\/avatar\/1de810de5966c4ec0b2bb8e8db121ea5bcbb1bd5f6eb943fb8a742f5b0b5f0f3?s=96&d=mm&r=g","url":"https:\/\/secure.gravatar.com\/avatar\/1de810de5966c4ec0b2bb8e8db121ea5bcbb1bd5f6eb943fb8a742f5b0b5f0f3?s=96&d=mm&r=g","contentUrl":"https:\/\/secure.gravatar.com\/avatar\/1de810de5966c4ec0b2bb8e8db121ea5bcbb1bd5f6eb943fb8a742f5b0b5f0f3?s=96&d=mm&r=g","caption":"makler-hans"},"url":"https:\/\/www.bauer-hans.de\/ferienwohnung-im-baederdreieck\/author\/admin\/"}]}},"_links":{"self":[{"href":"https:\/\/www.bauer-hans.de\/ferienwohnung-im-baederdreieck\/wp-json\/wp\/v2\/posts\/261","targetHints":{"allow":["GET"]}}],"collection":[{"href":"https:\/\/www.bauer-hans.de\/ferienwohnung-im-baederdreieck\/wp-json\/wp\/v2\/posts"}],"about":[{"href":"https:\/\/www.bauer-hans.de\/ferienwohnung-im-baederdreieck\/wp-json\/wp\/v2\/types\/post"}],"author":[{"embeddable":true,"href":"https:\/\/www.bauer-hans.de\/ferienwohnung-im-baederdreieck\/wp-json\/wp\/v2\/users\/2"}],"replies":[{"embeddable":true,"href":"https:\/\/www.bauer-hans.de\/ferienwohnung-im-baederdreieck\/wp-json\/wp\/v2\/comments?post=261"}],"version-history":[{"count":0,"href":"https:\/\/www.bauer-hans.de\/ferienwohnung-im-baederdreieck\/wp-json\/wp\/v2\/posts\/261\/revisions"}],"wp:attachment":[{"href":"https:\/\/www.bauer-hans.de\/ferienwohnung-im-baederdreieck\/wp-json\/wp\/v2\/media?parent=261"}],"wp:term":[{"taxonomy":"category","embeddable":true,"href":"https:\/\/www.bauer-hans.de\/ferienwohnung-im-baederdreieck\/wp-json\/wp\/v2\/categories?post=261"},{"taxonomy":"post_tag","embeddable":true,"href":"https:\/\/www.bauer-hans.de\/ferienwohnung-im-baederdreieck\/wp-json\/wp\/v2\/tags?post=261"}],"curies":[{"name":"wp","href":"https:\/\/api.w.org\/{rel}","templated":true}]}}