{"id":343,"date":"2010-12-25T09:10:51","date_gmt":"2010-12-25T09:10:51","guid":{"rendered":"http:\/\/www.ferienwohnung-im-baederdreieck.de\/?p=343"},"modified":"2010-12-25T09:10:51","modified_gmt":"2010-12-25T09:10:51","slug":"wellness-urlaub-im-baderdreieck-sonderpreis-10-tage-bleiben-7-tage-zahlen","status":"publish","type":"post","link":"https:\/\/www.bauer-hans.de\/ferienwohnung-im-baederdreieck\/2010\/12\/25\/wellness-urlaub-im-baderdreieck-sonderpreis-10-tage-bleiben-7-tage-zahlen\/","title":{"rendered":"Wellness Urlaub im B\u00e4derdreieck &#8211; Sonderpreis: 10 Tage bleiben 7 Tage zahlen"},"content":{"rendered":"<p>Sonderangebot: Wellness Urlaub in Bad Birnbach, Bad Griesbach oder Bad F\u00fcssing &#8211; Sonderpreis g\u00fcltig f\u00fcr die Monate Januar und Februar 2011.<\/p>\n<p><a title=\"Wellnessen im B\u00e4derdreick\" rel=\"attachment wp-att-344\" href=\"https:\/\/www.ferienwohnung-im-baederdreieck.de\/2010\/12\/25\/wellness-urlaub-im-baderdreieck-sonderpreis-10-tage-bleiben-7-tage-zahlen\/verwohnurlaub\/\"><img loading=\"lazy\" decoding=\"async\" class=\"alignleft size-medium wp-image-344\" title=\"wellness im B\u00e4derdreieck\" src=\"https:\/\/www.bauer-hans.de\/ferienwohnung-im-baederdreieck\/wp-content\/uploads\/sites\/8\/2010\/12\/verw\u00f6hnurlaub-300x212.jpg\" alt=\"\" width=\"300\" height=\"212\" srcset=\"https:\/\/www.bauer-hans.de\/ferienwohnung-im-baederdreieck\/wp-content\/uploads\/sites\/8\/2010\/12\/verw\u00f6hnurlaub-300x212.jpg 300w, https:\/\/www.bauer-hans.de\/ferienwohnung-im-baederdreieck\/wp-content\/uploads\/sites\/8\/2010\/12\/verw\u00f6hnurlaub.jpg 500w\" sizes=\"auto, (max-width: 300px) 100vw, 300px\" \/><\/a>Gerade jetzt ist die Zeit, in der Sie das heilkr\u00e4ftige Thermalwasser und die vielf\u00e4ltigen Gesundheits- und Wellnessangebote besonders entspannt und wirkungsvoll genie\u00dfen k\u00f6nnen. Unsere 4-Sterne-Ferienwohnung liegt absolu zentral, so haben Sie nur wenige km zu den Deutschland weit bekannten Thermalb\u00e4dern in F\u00fcssing, Birnbach oder in Griesbach.<\/p>\n","protected":false},"excerpt":{"rendered":"<p>Sonderangebot: Wellness Urlaub in Bad Birnbach, Bad Griesbach oder Bad F\u00fcssing &#8211; Sonderpreis g\u00fcltig f\u00fcr die Monate Januar und Februar 2011. Gerade jetzt ist die Zeit, in der Sie das heilkr\u00e4ftige Thermalwasser und die vielf\u00e4ltigen Gesundheits- und Wellnessangebote besonders entspannt und wirkungsvoll genie\u00dfen k\u00f6nnen. Unsere 4-Sterne-Ferienwohnung liegt absolu zentral, so haben Sie nur wenige km &hellip; <\/p>\n<p class=\"link-more\"><a href=\"https:\/\/www.bauer-hans.de\/ferienwohnung-im-baederdreieck\/2010\/12\/25\/wellness-urlaub-im-baderdreieck-sonderpreis-10-tage-bleiben-7-tage-zahlen\/\" class=\"more-link\"><span class=\"screen-reader-text\">\u201eWellness Urlaub im B\u00e4derdreieck &#8211; Sonderpreis: 10 Tage bleiben 7 Tage zahlen\u201c <\/span>weiterlesen<\/a><\/p>\n","protected":false},"author":2,"featured_media":0,"comment_status":"open","ping_status":"closed","sticky":false,"template":"","format":"standard","meta":{"_acf_changed":false,"footnotes":""},"categories":[1],"tags":[],"class_list":["post-343","post","type-post","status-publish","format-standard","hentry","category-allgemein"],"acf":[],"yoast_head":"<!-- This site is optimized with the Yoast SEO plugin v27.5 - https:\/\/yoast.com\/product\/yoast-seo-wordpress\/ -->\n<title>Wellness Urlaub im B\u00e4derdreieck - Sonderpreis: 10 Tage bleiben 7 Tage zahlen - Ferienwohnung B\u00e4derdreieck Niederbayern | F\u00fcssing | Birnbach | Griesbach |<\/title>\n<meta name=\"robots\" content=\"index, follow, max-snippet:-1, max-image-preview:large, max-video-preview:-1\" \/>\n<link rel=\"canonical\" href=\"https:\/\/www.bauer-hans.de\/ferienwohnung-im-baederdreieck\/2010\/12\/25\/wellness-urlaub-im-baderdreieck-sonderpreis-10-tage-bleiben-7-tage-zahlen\/\" \/>\n<meta name=\"twitter:label1\" content=\"Verfasst von\" \/>\n\t<meta name=\"twitter:data1\" content=\"makler-hans\" \/>\n<script type=\"application\/ld+json\" class=\"yoast-schema-graph\">{\"@context\":\"https:\\\/\\\/schema.org\",\"@graph\":[{\"@type\":\"Article\",\"@id\":\"https:\\\/\\\/www.bauer-hans.de\\\/ferienwohnung-im-baederdreieck\\\/2010\\\/12\\\/25\\\/wellness-urlaub-im-baderdreieck-sonderpreis-10-tage-bleiben-7-tage-zahlen\\\/#article\",\"isPartOf\":{\"@id\":\"https:\\\/\\\/www.bauer-hans.de\\\/ferienwohnung-im-baederdreieck\\\/2010\\\/12\\\/25\\\/wellness-urlaub-im-baderdreieck-sonderpreis-10-tage-bleiben-7-tage-zahlen\\\/\"},\"author\":{\"name\":\"makler-hans\",\"@id\":\"https:\\\/\\\/www.bauer-hans.de\\\/ferienwohnung-im-baederdreieck\\\/#\\\/schema\\\/person\\\/ec8cee5d59eee83046ec1ea077642ec3\"},\"headline\":\"Wellness Urlaub im B\u00e4derdreieck &#8211; Sonderpreis: 10 Tage bleiben 7 Tage zahlen\",\"datePublished\":\"2010-12-25T09:10:51+00:00\",\"mainEntityOfPage\":{\"@id\":\"https:\\\/\\\/www.bauer-hans.de\\\/ferienwohnung-im-baederdreieck\\\/2010\\\/12\\\/25\\\/wellness-urlaub-im-baderdreieck-sonderpreis-10-tage-bleiben-7-tage-zahlen\\\/\"},\"wordCount\":86,\"commentCount\":0,\"inLanguage\":\"de\",\"potentialAction\":[{\"@type\":\"CommentAction\",\"name\":\"Comment\",\"target\":[\"https:\\\/\\\/www.bauer-hans.de\\\/ferienwohnung-im-baederdreieck\\\/2010\\\/12\\\/25\\\/wellness-urlaub-im-baderdreieck-sonderpreis-10-tage-bleiben-7-tage-zahlen\\\/#respond\"]}]},{\"@type\":\"WebPage\",\"@id\":\"https:\\\/\\\/www.bauer-hans.de\\\/ferienwohnung-im-baederdreieck\\\/2010\\\/12\\\/25\\\/wellness-urlaub-im-baderdreieck-sonderpreis-10-tage-bleiben-7-tage-zahlen\\\/\",\"url\":\"https:\\\/\\\/www.bauer-hans.de\\\/ferienwohnung-im-baederdreieck\\\/2010\\\/12\\\/25\\\/wellness-urlaub-im-baderdreieck-sonderpreis-10-tage-bleiben-7-tage-zahlen\\\/\",\"name\":\"Wellness Urlaub im B\u00e4derdreieck - Sonderpreis: 10 Tage bleiben 7 Tage zahlen - Ferienwohnung B\u00e4derdreieck Niederbayern | F\u00fcssing | Birnbach | Griesbach |\",\"isPartOf\":{\"@id\":\"https:\\\/\\\/www.bauer-hans.de\\\/ferienwohnung-im-baederdreieck\\\/#website\"},\"datePublished\":\"2010-12-25T09:10:51+00:00\",\"author\":{\"@id\":\"https:\\\/\\\/www.bauer-hans.de\\\/ferienwohnung-im-baederdreieck\\\/#\\\/schema\\\/person\\\/ec8cee5d59eee83046ec1ea077642ec3\"},\"breadcrumb\":{\"@id\":\"https:\\\/\\\/www.bauer-hans.de\\\/ferienwohnung-im-baederdreieck\\\/2010\\\/12\\\/25\\\/wellness-urlaub-im-baderdreieck-sonderpreis-10-tage-bleiben-7-tage-zahlen\\\/#breadcrumb\"},\"inLanguage\":\"de\",\"potentialAction\":[{\"@type\":\"ReadAction\",\"target\":[\"https:\\\/\\\/www.bauer-hans.de\\\/ferienwohnung-im-baederdreieck\\\/2010\\\/12\\\/25\\\/wellness-urlaub-im-baderdreieck-sonderpreis-10-tage-bleiben-7-tage-zahlen\\\/\"]}]},{\"@type\":\"BreadcrumbList\",\"@id\":\"https:\\\/\\\/www.bauer-hans.de\\\/ferienwohnung-im-baederdreieck\\\/2010\\\/12\\\/25\\\/wellness-urlaub-im-baderdreieck-sonderpreis-10-tage-bleiben-7-tage-zahlen\\\/#breadcrumb\",\"itemListElement\":[{\"@type\":\"ListItem\",\"position\":1,\"name\":\"Startseite\",\"item\":\"https:\\\/\\\/www.bauer-hans.de\\\/ferienwohnung-im-baederdreieck\\\/\"},{\"@type\":\"ListItem\",\"position\":2,\"name\":\"Wellness Urlaub im B\u00e4derdreieck &#8211; Sonderpreis: 10 Tage bleiben 7 Tage zahlen\"}]},{\"@type\":\"WebSite\",\"@id\":\"https:\\\/\\\/www.bauer-hans.de\\\/ferienwohnung-im-baederdreieck\\\/#website\",\"url\":\"https:\\\/\\\/www.bauer-hans.de\\\/ferienwohnung-im-baederdreieck\\\/\",\"name\":\"Ferienwohnung B\u00e4derdreieck Niederbayern | F\u00fcssing | Birnbach | Griesbach |\",\"description\":\"Top Fewo, 2 SZ, Winter-Garten N\u00e4he Bad Birnbach, Bad F\u00fcssing, Bad Griesbach\",\"potentialAction\":[{\"@type\":\"SearchAction\",\"target\":{\"@type\":\"EntryPoint\",\"urlTemplate\":\"https:\\\/\\\/www.bauer-hans.de\\\/ferienwohnung-im-baederdreieck\\\/?s={search_term_string}\"},\"query-input\":{\"@type\":\"PropertyValueSpecification\",\"valueRequired\":true,\"valueName\":\"search_term_string\"}}],\"inLanguage\":\"de\"},{\"@type\":\"Person\",\"@id\":\"https:\\\/\\\/www.bauer-hans.de\\\/ferienwohnung-im-baederdreieck\\\/#\\\/schema\\\/person\\\/ec8cee5d59eee83046ec1ea077642ec3\",\"name\":\"makler-hans\",\"image\":{\"@type\":\"ImageObject\",\"inLanguage\":\"de\",\"@id\":\"https:\\\/\\\/secure.gravatar.com\\\/avatar\\\/1de810de5966c4ec0b2bb8e8db121ea5bcbb1bd5f6eb943fb8a742f5b0b5f0f3?s=96&d=mm&r=g\",\"url\":\"https:\\\/\\\/secure.gravatar.com\\\/avatar\\\/1de810de5966c4ec0b2bb8e8db121ea5bcbb1bd5f6eb943fb8a742f5b0b5f0f3?s=96&d=mm&r=g\",\"contentUrl\":\"https:\\\/\\\/secure.gravatar.com\\\/avatar\\\/1de810de5966c4ec0b2bb8e8db121ea5bcbb1bd5f6eb943fb8a742f5b0b5f0f3?s=96&d=mm&r=g\",\"caption\":\"makler-hans\"},\"url\":\"https:\\\/\\\/www.bauer-hans.de\\\/ferienwohnung-im-baederdreieck\\\/author\\\/admin\\\/\"}]}<\/script>\n<!-- \/ Yoast SEO plugin. -->","yoast_head_json":{"title":"Wellness Urlaub im B\u00e4derdreieck - Sonderpreis: 10 Tage bleiben 7 Tage zahlen - Ferienwohnung B\u00e4derdreieck Niederbayern | F\u00fcssing | Birnbach | Griesbach |","robots":{"index":"index","follow":"follow","max-snippet":"max-snippet:-1","max-image-preview":"max-image-preview:large","max-video-preview":"max-video-preview:-1"},"canonical":"https:\/\/www.bauer-hans.de\/ferienwohnung-im-baederdreieck\/2010\/12\/25\/wellness-urlaub-im-baderdreieck-sonderpreis-10-tage-bleiben-7-tage-zahlen\/","twitter_misc":{"Verfasst von":"makler-hans"},"schema":{"@context":"https:\/\/schema.org","@graph":[{"@type":"Article","@id":"https:\/\/www.bauer-hans.de\/ferienwohnung-im-baederdreieck\/2010\/12\/25\/wellness-urlaub-im-baderdreieck-sonderpreis-10-tage-bleiben-7-tage-zahlen\/#article","isPartOf":{"@id":"https:\/\/www.bauer-hans.de\/ferienwohnung-im-baederdreieck\/2010\/12\/25\/wellness-urlaub-im-baderdreieck-sonderpreis-10-tage-bleiben-7-tage-zahlen\/"},"author":{"name":"makler-hans","@id":"https:\/\/www.bauer-hans.de\/ferienwohnung-im-baederdreieck\/#\/schema\/person\/ec8cee5d59eee83046ec1ea077642ec3"},"headline":"Wellness Urlaub im B\u00e4derdreieck &#8211; Sonderpreis: 10 Tage bleiben 7 Tage zahlen","datePublished":"2010-12-25T09:10:51+00:00","mainEntityOfPage":{"@id":"https:\/\/www.bauer-hans.de\/ferienwohnung-im-baederdreieck\/2010\/12\/25\/wellness-urlaub-im-baderdreieck-sonderpreis-10-tage-bleiben-7-tage-zahlen\/"},"wordCount":86,"commentCount":0,"inLanguage":"de","potentialAction":[{"@type":"CommentAction","name":"Comment","target":["https:\/\/www.bauer-hans.de\/ferienwohnung-im-baederdreieck\/2010\/12\/25\/wellness-urlaub-im-baderdreieck-sonderpreis-10-tage-bleiben-7-tage-zahlen\/#respond"]}]},{"@type":"WebPage","@id":"https:\/\/www.bauer-hans.de\/ferienwohnung-im-baederdreieck\/2010\/12\/25\/wellness-urlaub-im-baderdreieck-sonderpreis-10-tage-bleiben-7-tage-zahlen\/","url":"https:\/\/www.bauer-hans.de\/ferienwohnung-im-baederdreieck\/2010\/12\/25\/wellness-urlaub-im-baderdreieck-sonderpreis-10-tage-bleiben-7-tage-zahlen\/","name":"Wellness Urlaub im B\u00e4derdreieck - Sonderpreis: 10 Tage bleiben 7 Tage zahlen - Ferienwohnung B\u00e4derdreieck Niederbayern | F\u00fcssing | Birnbach | Griesbach |","isPartOf":{"@id":"https:\/\/www.bauer-hans.de\/ferienwohnung-im-baederdreieck\/#website"},"datePublished":"2010-12-25T09:10:51+00:00","author":{"@id":"https:\/\/www.bauer-hans.de\/ferienwohnung-im-baederdreieck\/#\/schema\/person\/ec8cee5d59eee83046ec1ea077642ec3"},"breadcrumb":{"@id":"https:\/\/www.bauer-hans.de\/ferienwohnung-im-baederdreieck\/2010\/12\/25\/wellness-urlaub-im-baderdreieck-sonderpreis-10-tage-bleiben-7-tage-zahlen\/#breadcrumb"},"inLanguage":"de","potentialAction":[{"@type":"ReadAction","target":["https:\/\/www.bauer-hans.de\/ferienwohnung-im-baederdreieck\/2010\/12\/25\/wellness-urlaub-im-baderdreieck-sonderpreis-10-tage-bleiben-7-tage-zahlen\/"]}]},{"@type":"BreadcrumbList","@id":"https:\/\/www.bauer-hans.de\/ferienwohnung-im-baederdreieck\/2010\/12\/25\/wellness-urlaub-im-baderdreieck-sonderpreis-10-tage-bleiben-7-tage-zahlen\/#breadcrumb","itemListElement":[{"@type":"ListItem","position":1,"name":"Startseite","item":"https:\/\/www.bauer-hans.de\/ferienwohnung-im-baederdreieck\/"},{"@type":"ListItem","position":2,"name":"Wellness Urlaub im B\u00e4derdreieck &#8211; Sonderpreis: 10 Tage bleiben 7 Tage zahlen"}]},{"@type":"WebSite","@id":"https:\/\/www.bauer-hans.de\/ferienwohnung-im-baederdreieck\/#website","url":"https:\/\/www.bauer-hans.de\/ferienwohnung-im-baederdreieck\/","name":"Ferienwohnung B\u00e4derdreieck Niederbayern | F\u00fcssing | Birnbach | Griesbach |","description":"Top Fewo, 2 SZ, Winter-Garten N\u00e4he Bad Birnbach, Bad F\u00fcssing, Bad Griesbach","potentialAction":[{"@type":"SearchAction","target":{"@type":"EntryPoint","urlTemplate":"https:\/\/www.bauer-hans.de\/ferienwohnung-im-baederdreieck\/?s={search_term_string}"},"query-input":{"@type":"PropertyValueSpecification","valueRequired":true,"valueName":"search_term_string"}}],"inLanguage":"de"},{"@type":"Person","@id":"https:\/\/www.bauer-hans.de\/ferienwohnung-im-baederdreieck\/#\/schema\/person\/ec8cee5d59eee83046ec1ea077642ec3","name":"makler-hans","image":{"@type":"ImageObject","inLanguage":"de","@id":"https:\/\/secure.gravatar.com\/avatar\/1de810de5966c4ec0b2bb8e8db121ea5bcbb1bd5f6eb943fb8a742f5b0b5f0f3?s=96&d=mm&r=g","url":"https:\/\/secure.gravatar.com\/avatar\/1de810de5966c4ec0b2bb8e8db121ea5bcbb1bd5f6eb943fb8a742f5b0b5f0f3?s=96&d=mm&r=g","contentUrl":"https:\/\/secure.gravatar.com\/avatar\/1de810de5966c4ec0b2bb8e8db121ea5bcbb1bd5f6eb943fb8a742f5b0b5f0f3?s=96&d=mm&r=g","caption":"makler-hans"},"url":"https:\/\/www.bauer-hans.de\/ferienwohnung-im-baederdreieck\/author\/admin\/"}]}},"_links":{"self":[{"href":"https:\/\/www.bauer-hans.de\/ferienwohnung-im-baederdreieck\/wp-json\/wp\/v2\/posts\/343","targetHints":{"allow":["GET"]}}],"collection":[{"href":"https:\/\/www.bauer-hans.de\/ferienwohnung-im-baederdreieck\/wp-json\/wp\/v2\/posts"}],"about":[{"href":"https:\/\/www.bauer-hans.de\/ferienwohnung-im-baederdreieck\/wp-json\/wp\/v2\/types\/post"}],"author":[{"embeddable":true,"href":"https:\/\/www.bauer-hans.de\/ferienwohnung-im-baederdreieck\/wp-json\/wp\/v2\/users\/2"}],"replies":[{"embeddable":true,"href":"https:\/\/www.bauer-hans.de\/ferienwohnung-im-baederdreieck\/wp-json\/wp\/v2\/comments?post=343"}],"version-history":[{"count":0,"href":"https:\/\/www.bauer-hans.de\/ferienwohnung-im-baederdreieck\/wp-json\/wp\/v2\/posts\/343\/revisions"}],"wp:attachment":[{"href":"https:\/\/www.bauer-hans.de\/ferienwohnung-im-baederdreieck\/wp-json\/wp\/v2\/media?parent=343"}],"wp:term":[{"taxonomy":"category","embeddable":true,"href":"https:\/\/www.bauer-hans.de\/ferienwohnung-im-baederdreieck\/wp-json\/wp\/v2\/categories?post=343"},{"taxonomy":"post_tag","embeddable":true,"href":"https:\/\/www.bauer-hans.de\/ferienwohnung-im-baederdreieck\/wp-json\/wp\/v2\/tags?post=343"}],"curies":[{"name":"wp","href":"https:\/\/api.w.org\/{rel}","templated":true}]}}