{"id":522,"date":"2011-03-26T08:58:37","date_gmt":"2011-03-26T08:58:37","guid":{"rendered":"http:\/\/www.ferienwohnung-im-baederdreieck.de\/?p=522"},"modified":"2011-03-26T08:58:37","modified_gmt":"2011-03-26T08:58:37","slug":"urlaub-in-ferienwohnung-baderdreieck-niederbayern","status":"publish","type":"post","link":"https:\/\/www.bauer-hans.de\/ferienwohnung-im-baederdreieck\/2011\/03\/26\/urlaub-in-ferienwohnung-baderdreieck-niederbayern\/","title":{"rendered":"Urlaub in Ferienwohnung \/ B\u00e4derdreieck Niederbayern"},"content":{"rendered":"<p><a rel=\"attachment wp-att-523\" href=\"https:\/\/www.ferienwohnung-im-baederdreieck.de\/2011\/03\/26\/urlaub-in-ferienwohnung-baderdreieck-niederbayern\/blumenstrauss\/\"><img loading=\"lazy\" decoding=\"async\" class=\"alignleft size-medium wp-image-523\" title=\"blumenstrauss\" src=\"https:\/\/www.bauer-hans.de\/ferienwohnung-im-baederdreieck\/wp-content\/uploads\/sites\/8\/2011\/03\/blumenstrauss-300x225.jpg\" alt=\"\" width=\"300\" height=\"225\" srcset=\"https:\/\/www.bauer-hans.de\/ferienwohnung-im-baederdreieck\/wp-content\/uploads\/sites\/8\/2011\/03\/blumenstrauss-300x225.jpg 300w, https:\/\/www.bauer-hans.de\/ferienwohnung-im-baederdreieck\/wp-content\/uploads\/sites\/8\/2011\/03\/blumenstrauss.jpg 500w\" sizes=\"auto, (max-width: 300px) 100vw, 300px\" \/><\/a>Genie\u00dfen Sie Ihren n\u00e4chsten Urlaub im sch\u00f6nen Niederbayern. Jetzt im Fr\u00fchjahr der ideale Zeitpunkt um sich vom Alltagsstre\u00df zu erholen und die Seele baumeln zu lassen.<\/p>\n<p>Wellnessen Sie in den Thermen Bad Griesbach, Bad Birnbach oder in Bad F\u00fcssing.<\/p>\n","protected":false},"excerpt":{"rendered":"<p>Genie\u00dfen Sie Ihren n\u00e4chsten Urlaub im sch\u00f6nen Niederbayern. Jetzt im Fr\u00fchjahr der ideale Zeitpunkt um sich vom Alltagsstre\u00df zu erholen und die Seele baumeln zu lassen. Wellnessen Sie in den Thermen Bad Griesbach, Bad Birnbach oder in Bad F\u00fcssing.<\/p>\n","protected":false},"author":2,"featured_media":0,"comment_status":"open","ping_status":"closed","sticky":false,"template":"","format":"standard","meta":{"_acf_changed":false,"footnotes":""},"categories":[1],"tags":[],"class_list":["post-522","post","type-post","status-publish","format-standard","hentry","category-allgemein"],"acf":[],"yoast_head":"<!-- This site is optimized with the Yoast SEO plugin v27.5 - https:\/\/yoast.com\/product\/yoast-seo-wordpress\/ -->\n<title>Urlaub in Ferienwohnung \/ B\u00e4derdreieck Niederbayern - Ferienwohnung B\u00e4derdreieck Niederbayern | F\u00fcssing | Birnbach | Griesbach |<\/title>\n<meta name=\"robots\" content=\"index, follow, max-snippet:-1, max-image-preview:large, max-video-preview:-1\" \/>\n<link rel=\"canonical\" href=\"https:\/\/www.bauer-hans.de\/ferienwohnung-im-baederdreieck\/2011\/03\/26\/urlaub-in-ferienwohnung-baderdreieck-niederbayern\/\" \/>\n<meta name=\"twitter:label1\" content=\"Verfasst von\" \/>\n\t<meta name=\"twitter:data1\" content=\"makler-hans\" \/>\n<script type=\"application\/ld+json\" class=\"yoast-schema-graph\">{\"@context\":\"https:\\\/\\\/schema.org\",\"@graph\":[{\"@type\":\"Article\",\"@id\":\"https:\\\/\\\/www.bauer-hans.de\\\/ferienwohnung-im-baederdreieck\\\/2011\\\/03\\\/26\\\/urlaub-in-ferienwohnung-baderdreieck-niederbayern\\\/#article\",\"isPartOf\":{\"@id\":\"https:\\\/\\\/www.bauer-hans.de\\\/ferienwohnung-im-baederdreieck\\\/2011\\\/03\\\/26\\\/urlaub-in-ferienwohnung-baderdreieck-niederbayern\\\/\"},\"author\":{\"name\":\"makler-hans\",\"@id\":\"https:\\\/\\\/www.bauer-hans.de\\\/ferienwohnung-im-baederdreieck\\\/#\\\/schema\\\/person\\\/ec8cee5d59eee83046ec1ea077642ec3\"},\"headline\":\"Urlaub in Ferienwohnung \\\/ B\u00e4derdreieck Niederbayern\",\"datePublished\":\"2011-03-26T08:58:37+00:00\",\"mainEntityOfPage\":{\"@id\":\"https:\\\/\\\/www.bauer-hans.de\\\/ferienwohnung-im-baederdreieck\\\/2011\\\/03\\\/26\\\/urlaub-in-ferienwohnung-baderdreieck-niederbayern\\\/\"},\"wordCount\":50,\"commentCount\":0,\"image\":{\"@id\":\"https:\\\/\\\/www.bauer-hans.de\\\/ferienwohnung-im-baederdreieck\\\/2011\\\/03\\\/26\\\/urlaub-in-ferienwohnung-baderdreieck-niederbayern\\\/#primaryimage\"},\"thumbnailUrl\":\"https:\\\/\\\/www.bauer-hans.de\\\/ferienwohnung-im-baederdreieck\\\/wp-content\\\/uploads\\\/sites\\\/8\\\/2011\\\/03\\\/blumenstrauss-300x225.jpg\",\"inLanguage\":\"de\",\"potentialAction\":[{\"@type\":\"CommentAction\",\"name\":\"Comment\",\"target\":[\"https:\\\/\\\/www.bauer-hans.de\\\/ferienwohnung-im-baederdreieck\\\/2011\\\/03\\\/26\\\/urlaub-in-ferienwohnung-baderdreieck-niederbayern\\\/#respond\"]}]},{\"@type\":\"WebPage\",\"@id\":\"https:\\\/\\\/www.bauer-hans.de\\\/ferienwohnung-im-baederdreieck\\\/2011\\\/03\\\/26\\\/urlaub-in-ferienwohnung-baderdreieck-niederbayern\\\/\",\"url\":\"https:\\\/\\\/www.bauer-hans.de\\\/ferienwohnung-im-baederdreieck\\\/2011\\\/03\\\/26\\\/urlaub-in-ferienwohnung-baderdreieck-niederbayern\\\/\",\"name\":\"Urlaub in Ferienwohnung \\\/ B\u00e4derdreieck Niederbayern - Ferienwohnung B\u00e4derdreieck Niederbayern | F\u00fcssing | Birnbach | Griesbach |\",\"isPartOf\":{\"@id\":\"https:\\\/\\\/www.bauer-hans.de\\\/ferienwohnung-im-baederdreieck\\\/#website\"},\"primaryImageOfPage\":{\"@id\":\"https:\\\/\\\/www.bauer-hans.de\\\/ferienwohnung-im-baederdreieck\\\/2011\\\/03\\\/26\\\/urlaub-in-ferienwohnung-baderdreieck-niederbayern\\\/#primaryimage\"},\"image\":{\"@id\":\"https:\\\/\\\/www.bauer-hans.de\\\/ferienwohnung-im-baederdreieck\\\/2011\\\/03\\\/26\\\/urlaub-in-ferienwohnung-baderdreieck-niederbayern\\\/#primaryimage\"},\"thumbnailUrl\":\"https:\\\/\\\/www.bauer-hans.de\\\/ferienwohnung-im-baederdreieck\\\/wp-content\\\/uploads\\\/sites\\\/8\\\/2011\\\/03\\\/blumenstrauss-300x225.jpg\",\"datePublished\":\"2011-03-26T08:58:37+00:00\",\"author\":{\"@id\":\"https:\\\/\\\/www.bauer-hans.de\\\/ferienwohnung-im-baederdreieck\\\/#\\\/schema\\\/person\\\/ec8cee5d59eee83046ec1ea077642ec3\"},\"breadcrumb\":{\"@id\":\"https:\\\/\\\/www.bauer-hans.de\\\/ferienwohnung-im-baederdreieck\\\/2011\\\/03\\\/26\\\/urlaub-in-ferienwohnung-baderdreieck-niederbayern\\\/#breadcrumb\"},\"inLanguage\":\"de\",\"potentialAction\":[{\"@type\":\"ReadAction\",\"target\":[\"https:\\\/\\\/www.bauer-hans.de\\\/ferienwohnung-im-baederdreieck\\\/2011\\\/03\\\/26\\\/urlaub-in-ferienwohnung-baderdreieck-niederbayern\\\/\"]}]},{\"@type\":\"ImageObject\",\"inLanguage\":\"de\",\"@id\":\"https:\\\/\\\/www.bauer-hans.de\\\/ferienwohnung-im-baederdreieck\\\/2011\\\/03\\\/26\\\/urlaub-in-ferienwohnung-baderdreieck-niederbayern\\\/#primaryimage\",\"url\":\"https:\\\/\\\/www.bauer-hans.de\\\/ferienwohnung-im-baederdreieck\\\/wp-content\\\/uploads\\\/sites\\\/8\\\/2011\\\/03\\\/blumenstrauss.jpg\",\"contentUrl\":\"https:\\\/\\\/www.bauer-hans.de\\\/ferienwohnung-im-baederdreieck\\\/wp-content\\\/uploads\\\/sites\\\/8\\\/2011\\\/03\\\/blumenstrauss.jpg\",\"width\":500,\"height\":375},{\"@type\":\"BreadcrumbList\",\"@id\":\"https:\\\/\\\/www.bauer-hans.de\\\/ferienwohnung-im-baederdreieck\\\/2011\\\/03\\\/26\\\/urlaub-in-ferienwohnung-baderdreieck-niederbayern\\\/#breadcrumb\",\"itemListElement\":[{\"@type\":\"ListItem\",\"position\":1,\"name\":\"Startseite\",\"item\":\"https:\\\/\\\/www.bauer-hans.de\\\/ferienwohnung-im-baederdreieck\\\/\"},{\"@type\":\"ListItem\",\"position\":2,\"name\":\"Urlaub in Ferienwohnung \\\/ B\u00e4derdreieck Niederbayern\"}]},{\"@type\":\"WebSite\",\"@id\":\"https:\\\/\\\/www.bauer-hans.de\\\/ferienwohnung-im-baederdreieck\\\/#website\",\"url\":\"https:\\\/\\\/www.bauer-hans.de\\\/ferienwohnung-im-baederdreieck\\\/\",\"name\":\"Ferienwohnung B\u00e4derdreieck Niederbayern | F\u00fcssing | Birnbach | Griesbach |\",\"description\":\"Top Fewo, 2 SZ, Winter-Garten N\u00e4he Bad Birnbach, Bad F\u00fcssing, Bad Griesbach\",\"potentialAction\":[{\"@type\":\"SearchAction\",\"target\":{\"@type\":\"EntryPoint\",\"urlTemplate\":\"https:\\\/\\\/www.bauer-hans.de\\\/ferienwohnung-im-baederdreieck\\\/?s={search_term_string}\"},\"query-input\":{\"@type\":\"PropertyValueSpecification\",\"valueRequired\":true,\"valueName\":\"search_term_string\"}}],\"inLanguage\":\"de\"},{\"@type\":\"Person\",\"@id\":\"https:\\\/\\\/www.bauer-hans.de\\\/ferienwohnung-im-baederdreieck\\\/#\\\/schema\\\/person\\\/ec8cee5d59eee83046ec1ea077642ec3\",\"name\":\"makler-hans\",\"image\":{\"@type\":\"ImageObject\",\"inLanguage\":\"de\",\"@id\":\"https:\\\/\\\/secure.gravatar.com\\\/avatar\\\/1de810de5966c4ec0b2bb8e8db121ea5bcbb1bd5f6eb943fb8a742f5b0b5f0f3?s=96&d=mm&r=g\",\"url\":\"https:\\\/\\\/secure.gravatar.com\\\/avatar\\\/1de810de5966c4ec0b2bb8e8db121ea5bcbb1bd5f6eb943fb8a742f5b0b5f0f3?s=96&d=mm&r=g\",\"contentUrl\":\"https:\\\/\\\/secure.gravatar.com\\\/avatar\\\/1de810de5966c4ec0b2bb8e8db121ea5bcbb1bd5f6eb943fb8a742f5b0b5f0f3?s=96&d=mm&r=g\",\"caption\":\"makler-hans\"},\"url\":\"https:\\\/\\\/www.bauer-hans.de\\\/ferienwohnung-im-baederdreieck\\\/author\\\/admin\\\/\"}]}<\/script>\n<!-- \/ Yoast SEO plugin. -->","yoast_head_json":{"title":"Urlaub in Ferienwohnung \/ B\u00e4derdreieck Niederbayern - Ferienwohnung B\u00e4derdreieck Niederbayern | F\u00fcssing | Birnbach | Griesbach |","robots":{"index":"index","follow":"follow","max-snippet":"max-snippet:-1","max-image-preview":"max-image-preview:large","max-video-preview":"max-video-preview:-1"},"canonical":"https:\/\/www.bauer-hans.de\/ferienwohnung-im-baederdreieck\/2011\/03\/26\/urlaub-in-ferienwohnung-baderdreieck-niederbayern\/","twitter_misc":{"Verfasst von":"makler-hans"},"schema":{"@context":"https:\/\/schema.org","@graph":[{"@type":"Article","@id":"https:\/\/www.bauer-hans.de\/ferienwohnung-im-baederdreieck\/2011\/03\/26\/urlaub-in-ferienwohnung-baderdreieck-niederbayern\/#article","isPartOf":{"@id":"https:\/\/www.bauer-hans.de\/ferienwohnung-im-baederdreieck\/2011\/03\/26\/urlaub-in-ferienwohnung-baderdreieck-niederbayern\/"},"author":{"name":"makler-hans","@id":"https:\/\/www.bauer-hans.de\/ferienwohnung-im-baederdreieck\/#\/schema\/person\/ec8cee5d59eee83046ec1ea077642ec3"},"headline":"Urlaub in Ferienwohnung \/ B\u00e4derdreieck Niederbayern","datePublished":"2011-03-26T08:58:37+00:00","mainEntityOfPage":{"@id":"https:\/\/www.bauer-hans.de\/ferienwohnung-im-baederdreieck\/2011\/03\/26\/urlaub-in-ferienwohnung-baderdreieck-niederbayern\/"},"wordCount":50,"commentCount":0,"image":{"@id":"https:\/\/www.bauer-hans.de\/ferienwohnung-im-baederdreieck\/2011\/03\/26\/urlaub-in-ferienwohnung-baderdreieck-niederbayern\/#primaryimage"},"thumbnailUrl":"https:\/\/www.bauer-hans.de\/ferienwohnung-im-baederdreieck\/wp-content\/uploads\/sites\/8\/2011\/03\/blumenstrauss-300x225.jpg","inLanguage":"de","potentialAction":[{"@type":"CommentAction","name":"Comment","target":["https:\/\/www.bauer-hans.de\/ferienwohnung-im-baederdreieck\/2011\/03\/26\/urlaub-in-ferienwohnung-baderdreieck-niederbayern\/#respond"]}]},{"@type":"WebPage","@id":"https:\/\/www.bauer-hans.de\/ferienwohnung-im-baederdreieck\/2011\/03\/26\/urlaub-in-ferienwohnung-baderdreieck-niederbayern\/","url":"https:\/\/www.bauer-hans.de\/ferienwohnung-im-baederdreieck\/2011\/03\/26\/urlaub-in-ferienwohnung-baderdreieck-niederbayern\/","name":"Urlaub in Ferienwohnung \/ B\u00e4derdreieck Niederbayern - Ferienwohnung B\u00e4derdreieck Niederbayern | F\u00fcssing | Birnbach | Griesbach |","isPartOf":{"@id":"https:\/\/www.bauer-hans.de\/ferienwohnung-im-baederdreieck\/#website"},"primaryImageOfPage":{"@id":"https:\/\/www.bauer-hans.de\/ferienwohnung-im-baederdreieck\/2011\/03\/26\/urlaub-in-ferienwohnung-baderdreieck-niederbayern\/#primaryimage"},"image":{"@id":"https:\/\/www.bauer-hans.de\/ferienwohnung-im-baederdreieck\/2011\/03\/26\/urlaub-in-ferienwohnung-baderdreieck-niederbayern\/#primaryimage"},"thumbnailUrl":"https:\/\/www.bauer-hans.de\/ferienwohnung-im-baederdreieck\/wp-content\/uploads\/sites\/8\/2011\/03\/blumenstrauss-300x225.jpg","datePublished":"2011-03-26T08:58:37+00:00","author":{"@id":"https:\/\/www.bauer-hans.de\/ferienwohnung-im-baederdreieck\/#\/schema\/person\/ec8cee5d59eee83046ec1ea077642ec3"},"breadcrumb":{"@id":"https:\/\/www.bauer-hans.de\/ferienwohnung-im-baederdreieck\/2011\/03\/26\/urlaub-in-ferienwohnung-baderdreieck-niederbayern\/#breadcrumb"},"inLanguage":"de","potentialAction":[{"@type":"ReadAction","target":["https:\/\/www.bauer-hans.de\/ferienwohnung-im-baederdreieck\/2011\/03\/26\/urlaub-in-ferienwohnung-baderdreieck-niederbayern\/"]}]},{"@type":"ImageObject","inLanguage":"de","@id":"https:\/\/www.bauer-hans.de\/ferienwohnung-im-baederdreieck\/2011\/03\/26\/urlaub-in-ferienwohnung-baderdreieck-niederbayern\/#primaryimage","url":"https:\/\/www.bauer-hans.de\/ferienwohnung-im-baederdreieck\/wp-content\/uploads\/sites\/8\/2011\/03\/blumenstrauss.jpg","contentUrl":"https:\/\/www.bauer-hans.de\/ferienwohnung-im-baederdreieck\/wp-content\/uploads\/sites\/8\/2011\/03\/blumenstrauss.jpg","width":500,"height":375},{"@type":"BreadcrumbList","@id":"https:\/\/www.bauer-hans.de\/ferienwohnung-im-baederdreieck\/2011\/03\/26\/urlaub-in-ferienwohnung-baderdreieck-niederbayern\/#breadcrumb","itemListElement":[{"@type":"ListItem","position":1,"name":"Startseite","item":"https:\/\/www.bauer-hans.de\/ferienwohnung-im-baederdreieck\/"},{"@type":"ListItem","position":2,"name":"Urlaub in Ferienwohnung \/ B\u00e4derdreieck Niederbayern"}]},{"@type":"WebSite","@id":"https:\/\/www.bauer-hans.de\/ferienwohnung-im-baederdreieck\/#website","url":"https:\/\/www.bauer-hans.de\/ferienwohnung-im-baederdreieck\/","name":"Ferienwohnung B\u00e4derdreieck Niederbayern | F\u00fcssing | Birnbach | Griesbach |","description":"Top Fewo, 2 SZ, Winter-Garten N\u00e4he Bad Birnbach, Bad F\u00fcssing, Bad Griesbach","potentialAction":[{"@type":"SearchAction","target":{"@type":"EntryPoint","urlTemplate":"https:\/\/www.bauer-hans.de\/ferienwohnung-im-baederdreieck\/?s={search_term_string}"},"query-input":{"@type":"PropertyValueSpecification","valueRequired":true,"valueName":"search_term_string"}}],"inLanguage":"de"},{"@type":"Person","@id":"https:\/\/www.bauer-hans.de\/ferienwohnung-im-baederdreieck\/#\/schema\/person\/ec8cee5d59eee83046ec1ea077642ec3","name":"makler-hans","image":{"@type":"ImageObject","inLanguage":"de","@id":"https:\/\/secure.gravatar.com\/avatar\/1de810de5966c4ec0b2bb8e8db121ea5bcbb1bd5f6eb943fb8a742f5b0b5f0f3?s=96&d=mm&r=g","url":"https:\/\/secure.gravatar.com\/avatar\/1de810de5966c4ec0b2bb8e8db121ea5bcbb1bd5f6eb943fb8a742f5b0b5f0f3?s=96&d=mm&r=g","contentUrl":"https:\/\/secure.gravatar.com\/avatar\/1de810de5966c4ec0b2bb8e8db121ea5bcbb1bd5f6eb943fb8a742f5b0b5f0f3?s=96&d=mm&r=g","caption":"makler-hans"},"url":"https:\/\/www.bauer-hans.de\/ferienwohnung-im-baederdreieck\/author\/admin\/"}]}},"_links":{"self":[{"href":"https:\/\/www.bauer-hans.de\/ferienwohnung-im-baederdreieck\/wp-json\/wp\/v2\/posts\/522","targetHints":{"allow":["GET"]}}],"collection":[{"href":"https:\/\/www.bauer-hans.de\/ferienwohnung-im-baederdreieck\/wp-json\/wp\/v2\/posts"}],"about":[{"href":"https:\/\/www.bauer-hans.de\/ferienwohnung-im-baederdreieck\/wp-json\/wp\/v2\/types\/post"}],"author":[{"embeddable":true,"href":"https:\/\/www.bauer-hans.de\/ferienwohnung-im-baederdreieck\/wp-json\/wp\/v2\/users\/2"}],"replies":[{"embeddable":true,"href":"https:\/\/www.bauer-hans.de\/ferienwohnung-im-baederdreieck\/wp-json\/wp\/v2\/comments?post=522"}],"version-history":[{"count":0,"href":"https:\/\/www.bauer-hans.de\/ferienwohnung-im-baederdreieck\/wp-json\/wp\/v2\/posts\/522\/revisions"}],"wp:attachment":[{"href":"https:\/\/www.bauer-hans.de\/ferienwohnung-im-baederdreieck\/wp-json\/wp\/v2\/media?parent=522"}],"wp:term":[{"taxonomy":"category","embeddable":true,"href":"https:\/\/www.bauer-hans.de\/ferienwohnung-im-baederdreieck\/wp-json\/wp\/v2\/categories?post=522"},{"taxonomy":"post_tag","embeddable":true,"href":"https:\/\/www.bauer-hans.de\/ferienwohnung-im-baederdreieck\/wp-json\/wp\/v2\/tags?post=522"}],"curies":[{"name":"wp","href":"https:\/\/api.w.org\/{rel}","templated":true}]}}