{"id":626,"date":"2012-01-29T08:49:21","date_gmt":"2012-01-29T08:49:21","guid":{"rendered":"http:\/\/www.ferienwohnung-im-baederdreieck.de\/?p=626"},"modified":"2012-01-29T08:49:21","modified_gmt":"2012-01-29T08:49:21","slug":"jetzt-ihren-osterurlaub-im-baderdreieck-in-niederbayern-buchen","status":"publish","type":"post","link":"https:\/\/www.bauer-hans.de\/ferienwohnung-im-baederdreieck\/2012\/01\/29\/jetzt-ihren-osterurlaub-im-baderdreieck-in-niederbayern-buchen\/","title":{"rendered":"Jetzt Ihren Osterurlaub im B\u00e4derdreieck in Niederbayern buchen"},"content":{"rendered":"<p><a href=\"https:\/\/www.ferienwohnung-im-baederdreieck.de\/2012\/01\/29\/jetzt-ihren-osterurlaub-im-baderdreieck-in-niederbayern-buchen\/blumenstrauss-2\/\" rel=\"attachment wp-att-627\"><img loading=\"lazy\" decoding=\"async\" class=\"size-medium wp-image-627 alignleft\" title=\"Kurpark Bad F\u00fcssing\" src=\"https:\/\/www.bauer-hans.de\/ferienwohnung-im-baederdreieck\/wp-content\/uploads\/sites\/8\/2012\/01\/blumenstrauss-300x225.jpg\" alt=\"\" width=\"300\" height=\"225\" srcset=\"https:\/\/www.bauer-hans.de\/ferienwohnung-im-baederdreieck\/wp-content\/uploads\/sites\/8\/2012\/01\/blumenstrauss-300x225.jpg 300w, https:\/\/www.bauer-hans.de\/ferienwohnung-im-baederdreieck\/wp-content\/uploads\/sites\/8\/2012\/01\/blumenstrauss.jpg 500w\" sizes=\"auto, (max-width: 300px) 100vw, 300px\" \/><\/a>Kommen Sie \u00fcber Ostern zu uns ins sch\u00f6ne Niederbayern. Erleben und genie\u00dfen Sie in unserer 4-Sterne Ferienwohnung\u00a0die weit \u00fcber Deutschland hinaus bekannten Thermalb\u00e4der in Bad Birnbach, Bad Griesbach und Bad F\u00fcssing.<\/p>\n<p>Die Gegend\u00a0an Rott und Inn ist sicher eine der sch\u00f6nsten Regionen Bayerns und Deutschlands. Das niederbayerische H\u00fcgelland, die in Jahrhunderten geformte Kulturlandschaft, die St\u00e4dte, Gemeinden und D\u00f6rfer, in denen sich historische Bauten ebenso finden wie junges Leben. Das alles macht den Landkreis Rottal-Inn so lebenswert.<\/p>\n","protected":false},"excerpt":{"rendered":"<p>Kommen Sie \u00fcber Ostern zu uns ins sch\u00f6ne Niederbayern. Erleben und genie\u00dfen Sie in unserer 4-Sterne Ferienwohnung\u00a0die weit \u00fcber Deutschland hinaus bekannten Thermalb\u00e4der in Bad Birnbach, Bad Griesbach und Bad F\u00fcssing. Die Gegend\u00a0an Rott und Inn ist sicher eine der sch\u00f6nsten Regionen Bayerns und Deutschlands. Das niederbayerische H\u00fcgelland, die in Jahrhunderten geformte Kulturlandschaft, die St\u00e4dte, &hellip; <\/p>\n<p class=\"link-more\"><a href=\"https:\/\/www.bauer-hans.de\/ferienwohnung-im-baederdreieck\/2012\/01\/29\/jetzt-ihren-osterurlaub-im-baderdreieck-in-niederbayern-buchen\/\" class=\"more-link\"><span class=\"screen-reader-text\">\u201eJetzt Ihren Osterurlaub im B\u00e4derdreieck in Niederbayern buchen\u201c <\/span>weiterlesen<\/a><\/p>\n","protected":false},"author":2,"featured_media":0,"comment_status":"open","ping_status":"closed","sticky":false,"template":"","format":"standard","meta":{"_acf_changed":false,"footnotes":""},"categories":[1],"tags":[],"class_list":["post-626","post","type-post","status-publish","format-standard","hentry","category-allgemein"],"acf":[],"yoast_head":"<!-- This site is optimized with the Yoast SEO plugin v27.5 - https:\/\/yoast.com\/product\/yoast-seo-wordpress\/ -->\n<title>Jetzt Ihren Osterurlaub im B\u00e4derdreieck in Niederbayern buchen - Ferienwohnung B\u00e4derdreieck Niederbayern | F\u00fcssing | Birnbach | Griesbach |<\/title>\n<meta name=\"robots\" content=\"index, follow, max-snippet:-1, max-image-preview:large, max-video-preview:-1\" \/>\n<link rel=\"canonical\" href=\"https:\/\/www.bauer-hans.de\/ferienwohnung-im-baederdreieck\/2012\/01\/29\/jetzt-ihren-osterurlaub-im-baderdreieck-in-niederbayern-buchen\/\" \/>\n<meta name=\"twitter:label1\" content=\"Verfasst von\" \/>\n\t<meta name=\"twitter:data1\" content=\"makler-hans\" \/>\n<script type=\"application\/ld+json\" class=\"yoast-schema-graph\">{\"@context\":\"https:\\\/\\\/schema.org\",\"@graph\":[{\"@type\":\"Article\",\"@id\":\"https:\\\/\\\/www.bauer-hans.de\\\/ferienwohnung-im-baederdreieck\\\/2012\\\/01\\\/29\\\/jetzt-ihren-osterurlaub-im-baderdreieck-in-niederbayern-buchen\\\/#article\",\"isPartOf\":{\"@id\":\"https:\\\/\\\/www.bauer-hans.de\\\/ferienwohnung-im-baederdreieck\\\/2012\\\/01\\\/29\\\/jetzt-ihren-osterurlaub-im-baderdreieck-in-niederbayern-buchen\\\/\"},\"author\":{\"name\":\"makler-hans\",\"@id\":\"https:\\\/\\\/www.bauer-hans.de\\\/ferienwohnung-im-baederdreieck\\\/#\\\/schema\\\/person\\\/ec8cee5d59eee83046ec1ea077642ec3\"},\"headline\":\"Jetzt Ihren Osterurlaub im B\u00e4derdreieck in Niederbayern buchen\",\"datePublished\":\"2012-01-29T08:49:21+00:00\",\"mainEntityOfPage\":{\"@id\":\"https:\\\/\\\/www.bauer-hans.de\\\/ferienwohnung-im-baederdreieck\\\/2012\\\/01\\\/29\\\/jetzt-ihren-osterurlaub-im-baderdreieck-in-niederbayern-buchen\\\/\"},\"wordCount\":95,\"commentCount\":0,\"image\":{\"@id\":\"https:\\\/\\\/www.bauer-hans.de\\\/ferienwohnung-im-baederdreieck\\\/2012\\\/01\\\/29\\\/jetzt-ihren-osterurlaub-im-baderdreieck-in-niederbayern-buchen\\\/#primaryimage\"},\"thumbnailUrl\":\"https:\\\/\\\/www.bauer-hans.de\\\/ferienwohnung-im-baederdreieck\\\/wp-content\\\/uploads\\\/sites\\\/8\\\/2012\\\/01\\\/blumenstrauss-300x225.jpg\",\"inLanguage\":\"de\",\"potentialAction\":[{\"@type\":\"CommentAction\",\"name\":\"Comment\",\"target\":[\"https:\\\/\\\/www.bauer-hans.de\\\/ferienwohnung-im-baederdreieck\\\/2012\\\/01\\\/29\\\/jetzt-ihren-osterurlaub-im-baderdreieck-in-niederbayern-buchen\\\/#respond\"]}]},{\"@type\":\"WebPage\",\"@id\":\"https:\\\/\\\/www.bauer-hans.de\\\/ferienwohnung-im-baederdreieck\\\/2012\\\/01\\\/29\\\/jetzt-ihren-osterurlaub-im-baderdreieck-in-niederbayern-buchen\\\/\",\"url\":\"https:\\\/\\\/www.bauer-hans.de\\\/ferienwohnung-im-baederdreieck\\\/2012\\\/01\\\/29\\\/jetzt-ihren-osterurlaub-im-baderdreieck-in-niederbayern-buchen\\\/\",\"name\":\"Jetzt Ihren Osterurlaub im B\u00e4derdreieck in Niederbayern buchen - Ferienwohnung B\u00e4derdreieck Niederbayern | F\u00fcssing | Birnbach | Griesbach |\",\"isPartOf\":{\"@id\":\"https:\\\/\\\/www.bauer-hans.de\\\/ferienwohnung-im-baederdreieck\\\/#website\"},\"primaryImageOfPage\":{\"@id\":\"https:\\\/\\\/www.bauer-hans.de\\\/ferienwohnung-im-baederdreieck\\\/2012\\\/01\\\/29\\\/jetzt-ihren-osterurlaub-im-baderdreieck-in-niederbayern-buchen\\\/#primaryimage\"},\"image\":{\"@id\":\"https:\\\/\\\/www.bauer-hans.de\\\/ferienwohnung-im-baederdreieck\\\/2012\\\/01\\\/29\\\/jetzt-ihren-osterurlaub-im-baderdreieck-in-niederbayern-buchen\\\/#primaryimage\"},\"thumbnailUrl\":\"https:\\\/\\\/www.bauer-hans.de\\\/ferienwohnung-im-baederdreieck\\\/wp-content\\\/uploads\\\/sites\\\/8\\\/2012\\\/01\\\/blumenstrauss-300x225.jpg\",\"datePublished\":\"2012-01-29T08:49:21+00:00\",\"author\":{\"@id\":\"https:\\\/\\\/www.bauer-hans.de\\\/ferienwohnung-im-baederdreieck\\\/#\\\/schema\\\/person\\\/ec8cee5d59eee83046ec1ea077642ec3\"},\"breadcrumb\":{\"@id\":\"https:\\\/\\\/www.bauer-hans.de\\\/ferienwohnung-im-baederdreieck\\\/2012\\\/01\\\/29\\\/jetzt-ihren-osterurlaub-im-baderdreieck-in-niederbayern-buchen\\\/#breadcrumb\"},\"inLanguage\":\"de\",\"potentialAction\":[{\"@type\":\"ReadAction\",\"target\":[\"https:\\\/\\\/www.bauer-hans.de\\\/ferienwohnung-im-baederdreieck\\\/2012\\\/01\\\/29\\\/jetzt-ihren-osterurlaub-im-baderdreieck-in-niederbayern-buchen\\\/\"]}]},{\"@type\":\"ImageObject\",\"inLanguage\":\"de\",\"@id\":\"https:\\\/\\\/www.bauer-hans.de\\\/ferienwohnung-im-baederdreieck\\\/2012\\\/01\\\/29\\\/jetzt-ihren-osterurlaub-im-baderdreieck-in-niederbayern-buchen\\\/#primaryimage\",\"url\":\"https:\\\/\\\/www.bauer-hans.de\\\/ferienwohnung-im-baederdreieck\\\/wp-content\\\/uploads\\\/sites\\\/8\\\/2012\\\/01\\\/blumenstrauss.jpg\",\"contentUrl\":\"https:\\\/\\\/www.bauer-hans.de\\\/ferienwohnung-im-baederdreieck\\\/wp-content\\\/uploads\\\/sites\\\/8\\\/2012\\\/01\\\/blumenstrauss.jpg\",\"width\":500,\"height\":375},{\"@type\":\"BreadcrumbList\",\"@id\":\"https:\\\/\\\/www.bauer-hans.de\\\/ferienwohnung-im-baederdreieck\\\/2012\\\/01\\\/29\\\/jetzt-ihren-osterurlaub-im-baderdreieck-in-niederbayern-buchen\\\/#breadcrumb\",\"itemListElement\":[{\"@type\":\"ListItem\",\"position\":1,\"name\":\"Startseite\",\"item\":\"https:\\\/\\\/www.bauer-hans.de\\\/ferienwohnung-im-baederdreieck\\\/\"},{\"@type\":\"ListItem\",\"position\":2,\"name\":\"Jetzt Ihren Osterurlaub im B\u00e4derdreieck in Niederbayern buchen\"}]},{\"@type\":\"WebSite\",\"@id\":\"https:\\\/\\\/www.bauer-hans.de\\\/ferienwohnung-im-baederdreieck\\\/#website\",\"url\":\"https:\\\/\\\/www.bauer-hans.de\\\/ferienwohnung-im-baederdreieck\\\/\",\"name\":\"Ferienwohnung B\u00e4derdreieck Niederbayern | F\u00fcssing | Birnbach | Griesbach |\",\"description\":\"Top Fewo, 2 SZ, Winter-Garten N\u00e4he Bad Birnbach, Bad F\u00fcssing, Bad Griesbach\",\"potentialAction\":[{\"@type\":\"SearchAction\",\"target\":{\"@type\":\"EntryPoint\",\"urlTemplate\":\"https:\\\/\\\/www.bauer-hans.de\\\/ferienwohnung-im-baederdreieck\\\/?s={search_term_string}\"},\"query-input\":{\"@type\":\"PropertyValueSpecification\",\"valueRequired\":true,\"valueName\":\"search_term_string\"}}],\"inLanguage\":\"de\"},{\"@type\":\"Person\",\"@id\":\"https:\\\/\\\/www.bauer-hans.de\\\/ferienwohnung-im-baederdreieck\\\/#\\\/schema\\\/person\\\/ec8cee5d59eee83046ec1ea077642ec3\",\"name\":\"makler-hans\",\"image\":{\"@type\":\"ImageObject\",\"inLanguage\":\"de\",\"@id\":\"https:\\\/\\\/secure.gravatar.com\\\/avatar\\\/1de810de5966c4ec0b2bb8e8db121ea5bcbb1bd5f6eb943fb8a742f5b0b5f0f3?s=96&d=mm&r=g\",\"url\":\"https:\\\/\\\/secure.gravatar.com\\\/avatar\\\/1de810de5966c4ec0b2bb8e8db121ea5bcbb1bd5f6eb943fb8a742f5b0b5f0f3?s=96&d=mm&r=g\",\"contentUrl\":\"https:\\\/\\\/secure.gravatar.com\\\/avatar\\\/1de810de5966c4ec0b2bb8e8db121ea5bcbb1bd5f6eb943fb8a742f5b0b5f0f3?s=96&d=mm&r=g\",\"caption\":\"makler-hans\"},\"url\":\"https:\\\/\\\/www.bauer-hans.de\\\/ferienwohnung-im-baederdreieck\\\/author\\\/admin\\\/\"}]}<\/script>\n<!-- \/ Yoast SEO plugin. -->","yoast_head_json":{"title":"Jetzt Ihren Osterurlaub im B\u00e4derdreieck in Niederbayern buchen - Ferienwohnung B\u00e4derdreieck Niederbayern | F\u00fcssing | Birnbach | Griesbach |","robots":{"index":"index","follow":"follow","max-snippet":"max-snippet:-1","max-image-preview":"max-image-preview:large","max-video-preview":"max-video-preview:-1"},"canonical":"https:\/\/www.bauer-hans.de\/ferienwohnung-im-baederdreieck\/2012\/01\/29\/jetzt-ihren-osterurlaub-im-baderdreieck-in-niederbayern-buchen\/","twitter_misc":{"Verfasst von":"makler-hans"},"schema":{"@context":"https:\/\/schema.org","@graph":[{"@type":"Article","@id":"https:\/\/www.bauer-hans.de\/ferienwohnung-im-baederdreieck\/2012\/01\/29\/jetzt-ihren-osterurlaub-im-baderdreieck-in-niederbayern-buchen\/#article","isPartOf":{"@id":"https:\/\/www.bauer-hans.de\/ferienwohnung-im-baederdreieck\/2012\/01\/29\/jetzt-ihren-osterurlaub-im-baderdreieck-in-niederbayern-buchen\/"},"author":{"name":"makler-hans","@id":"https:\/\/www.bauer-hans.de\/ferienwohnung-im-baederdreieck\/#\/schema\/person\/ec8cee5d59eee83046ec1ea077642ec3"},"headline":"Jetzt Ihren Osterurlaub im B\u00e4derdreieck in Niederbayern buchen","datePublished":"2012-01-29T08:49:21+00:00","mainEntityOfPage":{"@id":"https:\/\/www.bauer-hans.de\/ferienwohnung-im-baederdreieck\/2012\/01\/29\/jetzt-ihren-osterurlaub-im-baderdreieck-in-niederbayern-buchen\/"},"wordCount":95,"commentCount":0,"image":{"@id":"https:\/\/www.bauer-hans.de\/ferienwohnung-im-baederdreieck\/2012\/01\/29\/jetzt-ihren-osterurlaub-im-baderdreieck-in-niederbayern-buchen\/#primaryimage"},"thumbnailUrl":"https:\/\/www.bauer-hans.de\/ferienwohnung-im-baederdreieck\/wp-content\/uploads\/sites\/8\/2012\/01\/blumenstrauss-300x225.jpg","inLanguage":"de","potentialAction":[{"@type":"CommentAction","name":"Comment","target":["https:\/\/www.bauer-hans.de\/ferienwohnung-im-baederdreieck\/2012\/01\/29\/jetzt-ihren-osterurlaub-im-baderdreieck-in-niederbayern-buchen\/#respond"]}]},{"@type":"WebPage","@id":"https:\/\/www.bauer-hans.de\/ferienwohnung-im-baederdreieck\/2012\/01\/29\/jetzt-ihren-osterurlaub-im-baderdreieck-in-niederbayern-buchen\/","url":"https:\/\/www.bauer-hans.de\/ferienwohnung-im-baederdreieck\/2012\/01\/29\/jetzt-ihren-osterurlaub-im-baderdreieck-in-niederbayern-buchen\/","name":"Jetzt Ihren Osterurlaub im B\u00e4derdreieck in Niederbayern buchen - Ferienwohnung B\u00e4derdreieck Niederbayern | F\u00fcssing | Birnbach | Griesbach |","isPartOf":{"@id":"https:\/\/www.bauer-hans.de\/ferienwohnung-im-baederdreieck\/#website"},"primaryImageOfPage":{"@id":"https:\/\/www.bauer-hans.de\/ferienwohnung-im-baederdreieck\/2012\/01\/29\/jetzt-ihren-osterurlaub-im-baderdreieck-in-niederbayern-buchen\/#primaryimage"},"image":{"@id":"https:\/\/www.bauer-hans.de\/ferienwohnung-im-baederdreieck\/2012\/01\/29\/jetzt-ihren-osterurlaub-im-baderdreieck-in-niederbayern-buchen\/#primaryimage"},"thumbnailUrl":"https:\/\/www.bauer-hans.de\/ferienwohnung-im-baederdreieck\/wp-content\/uploads\/sites\/8\/2012\/01\/blumenstrauss-300x225.jpg","datePublished":"2012-01-29T08:49:21+00:00","author":{"@id":"https:\/\/www.bauer-hans.de\/ferienwohnung-im-baederdreieck\/#\/schema\/person\/ec8cee5d59eee83046ec1ea077642ec3"},"breadcrumb":{"@id":"https:\/\/www.bauer-hans.de\/ferienwohnung-im-baederdreieck\/2012\/01\/29\/jetzt-ihren-osterurlaub-im-baderdreieck-in-niederbayern-buchen\/#breadcrumb"},"inLanguage":"de","potentialAction":[{"@type":"ReadAction","target":["https:\/\/www.bauer-hans.de\/ferienwohnung-im-baederdreieck\/2012\/01\/29\/jetzt-ihren-osterurlaub-im-baderdreieck-in-niederbayern-buchen\/"]}]},{"@type":"ImageObject","inLanguage":"de","@id":"https:\/\/www.bauer-hans.de\/ferienwohnung-im-baederdreieck\/2012\/01\/29\/jetzt-ihren-osterurlaub-im-baderdreieck-in-niederbayern-buchen\/#primaryimage","url":"https:\/\/www.bauer-hans.de\/ferienwohnung-im-baederdreieck\/wp-content\/uploads\/sites\/8\/2012\/01\/blumenstrauss.jpg","contentUrl":"https:\/\/www.bauer-hans.de\/ferienwohnung-im-baederdreieck\/wp-content\/uploads\/sites\/8\/2012\/01\/blumenstrauss.jpg","width":500,"height":375},{"@type":"BreadcrumbList","@id":"https:\/\/www.bauer-hans.de\/ferienwohnung-im-baederdreieck\/2012\/01\/29\/jetzt-ihren-osterurlaub-im-baderdreieck-in-niederbayern-buchen\/#breadcrumb","itemListElement":[{"@type":"ListItem","position":1,"name":"Startseite","item":"https:\/\/www.bauer-hans.de\/ferienwohnung-im-baederdreieck\/"},{"@type":"ListItem","position":2,"name":"Jetzt Ihren Osterurlaub im B\u00e4derdreieck in Niederbayern buchen"}]},{"@type":"WebSite","@id":"https:\/\/www.bauer-hans.de\/ferienwohnung-im-baederdreieck\/#website","url":"https:\/\/www.bauer-hans.de\/ferienwohnung-im-baederdreieck\/","name":"Ferienwohnung B\u00e4derdreieck Niederbayern | F\u00fcssing | Birnbach | Griesbach |","description":"Top Fewo, 2 SZ, Winter-Garten N\u00e4he Bad Birnbach, Bad F\u00fcssing, Bad Griesbach","potentialAction":[{"@type":"SearchAction","target":{"@type":"EntryPoint","urlTemplate":"https:\/\/www.bauer-hans.de\/ferienwohnung-im-baederdreieck\/?s={search_term_string}"},"query-input":{"@type":"PropertyValueSpecification","valueRequired":true,"valueName":"search_term_string"}}],"inLanguage":"de"},{"@type":"Person","@id":"https:\/\/www.bauer-hans.de\/ferienwohnung-im-baederdreieck\/#\/schema\/person\/ec8cee5d59eee83046ec1ea077642ec3","name":"makler-hans","image":{"@type":"ImageObject","inLanguage":"de","@id":"https:\/\/secure.gravatar.com\/avatar\/1de810de5966c4ec0b2bb8e8db121ea5bcbb1bd5f6eb943fb8a742f5b0b5f0f3?s=96&d=mm&r=g","url":"https:\/\/secure.gravatar.com\/avatar\/1de810de5966c4ec0b2bb8e8db121ea5bcbb1bd5f6eb943fb8a742f5b0b5f0f3?s=96&d=mm&r=g","contentUrl":"https:\/\/secure.gravatar.com\/avatar\/1de810de5966c4ec0b2bb8e8db121ea5bcbb1bd5f6eb943fb8a742f5b0b5f0f3?s=96&d=mm&r=g","caption":"makler-hans"},"url":"https:\/\/www.bauer-hans.de\/ferienwohnung-im-baederdreieck\/author\/admin\/"}]}},"_links":{"self":[{"href":"https:\/\/www.bauer-hans.de\/ferienwohnung-im-baederdreieck\/wp-json\/wp\/v2\/posts\/626","targetHints":{"allow":["GET"]}}],"collection":[{"href":"https:\/\/www.bauer-hans.de\/ferienwohnung-im-baederdreieck\/wp-json\/wp\/v2\/posts"}],"about":[{"href":"https:\/\/www.bauer-hans.de\/ferienwohnung-im-baederdreieck\/wp-json\/wp\/v2\/types\/post"}],"author":[{"embeddable":true,"href":"https:\/\/www.bauer-hans.de\/ferienwohnung-im-baederdreieck\/wp-json\/wp\/v2\/users\/2"}],"replies":[{"embeddable":true,"href":"https:\/\/www.bauer-hans.de\/ferienwohnung-im-baederdreieck\/wp-json\/wp\/v2\/comments?post=626"}],"version-history":[{"count":0,"href":"https:\/\/www.bauer-hans.de\/ferienwohnung-im-baederdreieck\/wp-json\/wp\/v2\/posts\/626\/revisions"}],"wp:attachment":[{"href":"https:\/\/www.bauer-hans.de\/ferienwohnung-im-baederdreieck\/wp-json\/wp\/v2\/media?parent=626"}],"wp:term":[{"taxonomy":"category","embeddable":true,"href":"https:\/\/www.bauer-hans.de\/ferienwohnung-im-baederdreieck\/wp-json\/wp\/v2\/categories?post=626"},{"taxonomy":"post_tag","embeddable":true,"href":"https:\/\/www.bauer-hans.de\/ferienwohnung-im-baederdreieck\/wp-json\/wp\/v2\/tags?post=626"}],"curies":[{"name":"wp","href":"https:\/\/api.w.org\/{rel}","templated":true}]}}