{"id":719,"date":"2013-02-08T17:28:39","date_gmt":"2013-02-08T17:28:39","guid":{"rendered":"http:\/\/www.ferienwohnung-im-baederdreieck.de\/?p=719"},"modified":"2013-02-08T17:28:39","modified_gmt":"2013-02-08T17:28:39","slug":"thermalbaden-in-der-kalten-jahreszeit","status":"publish","type":"post","link":"https:\/\/www.bauer-hans.de\/ferienwohnung-im-baederdreieck\/2013\/02\/08\/thermalbaden-in-der-kalten-jahreszeit\/","title":{"rendered":"Thermalbaden in der kalten Jahreszeit"},"content":{"rendered":"<p>Nur wenige km trennen Sie von unserer Wohnung zu den ber\u00fchmten Kurb\u00e4dern:<\/p>\n<h2><a href=\"https:\/\/www.ferienwohnung-im-baederdreieck.de\/umgebung\/therme1_grottenbad\/\" rel=\"attachment wp-att-271\"><img loading=\"lazy\" decoding=\"async\" class=\" wp-image-271 alignleft\" alt=\"Therme1_Grottenbad\" src=\"https:\/\/www.bauer-hans.de\/ferienwohnung-im-baederdreieck\/wp-content\/uploads\/sites\/8\/2010\/10\/Therme1_Grottenbad.jpg\" width=\"400\" height=\"266\" srcset=\"https:\/\/www.bauer-hans.de\/ferienwohnung-im-baederdreieck\/wp-content\/uploads\/sites\/8\/2010\/10\/Therme1_Grottenbad.jpg 500w, https:\/\/www.bauer-hans.de\/ferienwohnung-im-baederdreieck\/wp-content\/uploads\/sites\/8\/2010\/10\/Therme1_Grottenbad-300x199.jpg 300w\" sizes=\"auto, (max-width: 400px) 100vw, 400px\" \/><\/a>Bad Birnbach &#8211;<br \/>\nBad Griesbach &#8211;<br \/>\nBad F\u00fcssing<\/h2>\n<p>Keine Tabletten, keine OP \u2013 einfach nur im kuschelig warmen Thermalwasser baden: So einfach ist das Rezept in <strong>Bad Griesbach<\/strong>. Die Quellen aus bis zu 1522 Metern Tiefe bringen die Gesundheit mit nach oben. Mit einem der h\u00f6chsten Fluoridgehalte in Europa und einer Kombination aus nat\u00fcrlichen Wirkstoffen wie Mineralstoffe, Spurenelemente und Kiesels\u00e4ure wirkt das Thermalmineralwasser heilkr\u00e4ftig auf den gesamten Bewegungsapparat.<\/p>\n<p>Unter der achteckigen gl\u00e4sernen Kuppel schl\u00e4gt das Herz der Kurorttherapie im l\u00e4ndlichen <strong>Bad Birnbach<\/strong>. Den Sch\u00f6pfern dieser Gesundheitswelt war schon bei der Planung bewusst, dass die besondere G\u00fcte des heilenden Wassers auch eine besondere Umgebung braucht. Etwas Geordnetes, harmonisch Ganzheitliches n\u00e4mlich, kurz: eine Architektur, die \u00fcber allem Modischen steht. An diesem Ort erwarten Sie Therapeuten, die wissen, wie Gelenke wieder beweglich, Muskeln geschmeidig und Verspannungen gel\u00f6st werden.<\/p>\n<p>Drei Thermen mit wohltuender Heilkraft, wundersch\u00f6ne Naturlandschaften im Herzen Bayerns, modernste Gesundheitsangebote und breite medizinische Kompetenz, traditionsreiche Kultur. All das verbindet sich in <strong>Bad F\u00fcssing<\/strong> auf einzigartige Weise zu einem harmonischen Ganzen. Dieser\u00a0beliebte Kurort steht f\u00fcr Gesundheit und Wohlbefinden, f\u00fcr die ganzheitliche Betrachtung von K\u00f6rper, Geist und Seele. Entdecken Sie die europaweit gr\u00f6\u00dfte Thermenlandschaft und tauchen Sie in die wohltuenden, heilenden Quellen ein. Erleben Sie neue Wege zu Gesundheit, Fitness und Lebensqualit\u00e4t. Und genie\u00dfen Sie das ganze Jahr ein Angebot, das an Vielfalt kaum zu \u00fcberbieten ist.<\/p>\n","protected":false},"excerpt":{"rendered":"<p>Nur wenige km trennen Sie von unserer Wohnung zu den ber\u00fchmten Kurb\u00e4dern: Bad Birnbach &#8211; Bad Griesbach &#8211; Bad F\u00fcssing Keine Tabletten, keine OP \u2013 einfach nur im kuschelig warmen Thermalwasser baden: So einfach ist das Rezept in Bad Griesbach. Die Quellen aus bis zu 1522 Metern Tiefe bringen die Gesundheit mit nach oben. Mit &hellip; <\/p>\n<p class=\"link-more\"><a href=\"https:\/\/www.bauer-hans.de\/ferienwohnung-im-baederdreieck\/2013\/02\/08\/thermalbaden-in-der-kalten-jahreszeit\/\" class=\"more-link\"><span class=\"screen-reader-text\">\u201eThermalbaden in der kalten Jahreszeit\u201c <\/span>weiterlesen<\/a><\/p>\n","protected":false},"author":2,"featured_media":0,"comment_status":"open","ping_status":"closed","sticky":false,"template":"","format":"standard","meta":{"_acf_changed":false,"footnotes":""},"categories":[1],"tags":[],"class_list":["post-719","post","type-post","status-publish","format-standard","hentry","category-allgemein"],"acf":[],"yoast_head":"<!-- This site is optimized with the Yoast SEO plugin v27.5 - https:\/\/yoast.com\/product\/yoast-seo-wordpress\/ -->\n<title>Thermalbaden in der kalten Jahreszeit - Ferienwohnung B\u00e4derdreieck Niederbayern | F\u00fcssing | Birnbach | Griesbach |<\/title>\n<meta name=\"robots\" content=\"index, follow, max-snippet:-1, max-image-preview:large, max-video-preview:-1\" \/>\n<link rel=\"canonical\" href=\"https:\/\/www.bauer-hans.de\/ferienwohnung-im-baederdreieck\/2013\/02\/08\/thermalbaden-in-der-kalten-jahreszeit\/\" \/>\n<meta name=\"twitter:label1\" content=\"Verfasst von\" \/>\n\t<meta name=\"twitter:data1\" content=\"makler-hans\" \/>\n\t<meta name=\"twitter:label2\" content=\"Gesch\u00e4tzte Lesezeit\" \/>\n\t<meta name=\"twitter:data2\" content=\"1\u00a0Minute\" \/>\n<script type=\"application\/ld+json\" class=\"yoast-schema-graph\">{\"@context\":\"https:\\\/\\\/schema.org\",\"@graph\":[{\"@type\":\"Article\",\"@id\":\"https:\\\/\\\/www.bauer-hans.de\\\/ferienwohnung-im-baederdreieck\\\/2013\\\/02\\\/08\\\/thermalbaden-in-der-kalten-jahreszeit\\\/#article\",\"isPartOf\":{\"@id\":\"https:\\\/\\\/www.bauer-hans.de\\\/ferienwohnung-im-baederdreieck\\\/2013\\\/02\\\/08\\\/thermalbaden-in-der-kalten-jahreszeit\\\/\"},\"author\":{\"name\":\"makler-hans\",\"@id\":\"https:\\\/\\\/www.bauer-hans.de\\\/ferienwohnung-im-baederdreieck\\\/#\\\/schema\\\/person\\\/ec8cee5d59eee83046ec1ea077642ec3\"},\"headline\":\"Thermalbaden in der kalten Jahreszeit\",\"datePublished\":\"2013-02-08T17:28:39+00:00\",\"mainEntityOfPage\":{\"@id\":\"https:\\\/\\\/www.bauer-hans.de\\\/ferienwohnung-im-baederdreieck\\\/2013\\\/02\\\/08\\\/thermalbaden-in-der-kalten-jahreszeit\\\/\"},\"wordCount\":260,\"commentCount\":0,\"image\":{\"@id\":\"https:\\\/\\\/www.bauer-hans.de\\\/ferienwohnung-im-baederdreieck\\\/2013\\\/02\\\/08\\\/thermalbaden-in-der-kalten-jahreszeit\\\/#primaryimage\"},\"thumbnailUrl\":\"https:\\\/\\\/www.bauer-hans.de\\\/ferienwohnung-im-baederdreieck\\\/wp-content\\\/uploads\\\/sites\\\/8\\\/2010\\\/10\\\/Therme1_Grottenbad.jpg\",\"inLanguage\":\"de\",\"potentialAction\":[{\"@type\":\"CommentAction\",\"name\":\"Comment\",\"target\":[\"https:\\\/\\\/www.bauer-hans.de\\\/ferienwohnung-im-baederdreieck\\\/2013\\\/02\\\/08\\\/thermalbaden-in-der-kalten-jahreszeit\\\/#respond\"]}]},{\"@type\":\"WebPage\",\"@id\":\"https:\\\/\\\/www.bauer-hans.de\\\/ferienwohnung-im-baederdreieck\\\/2013\\\/02\\\/08\\\/thermalbaden-in-der-kalten-jahreszeit\\\/\",\"url\":\"https:\\\/\\\/www.bauer-hans.de\\\/ferienwohnung-im-baederdreieck\\\/2013\\\/02\\\/08\\\/thermalbaden-in-der-kalten-jahreszeit\\\/\",\"name\":\"Thermalbaden in der kalten Jahreszeit - Ferienwohnung B\u00e4derdreieck Niederbayern | F\u00fcssing | Birnbach | Griesbach |\",\"isPartOf\":{\"@id\":\"https:\\\/\\\/www.bauer-hans.de\\\/ferienwohnung-im-baederdreieck\\\/#website\"},\"primaryImageOfPage\":{\"@id\":\"https:\\\/\\\/www.bauer-hans.de\\\/ferienwohnung-im-baederdreieck\\\/2013\\\/02\\\/08\\\/thermalbaden-in-der-kalten-jahreszeit\\\/#primaryimage\"},\"image\":{\"@id\":\"https:\\\/\\\/www.bauer-hans.de\\\/ferienwohnung-im-baederdreieck\\\/2013\\\/02\\\/08\\\/thermalbaden-in-der-kalten-jahreszeit\\\/#primaryimage\"},\"thumbnailUrl\":\"https:\\\/\\\/www.bauer-hans.de\\\/ferienwohnung-im-baederdreieck\\\/wp-content\\\/uploads\\\/sites\\\/8\\\/2010\\\/10\\\/Therme1_Grottenbad.jpg\",\"datePublished\":\"2013-02-08T17:28:39+00:00\",\"author\":{\"@id\":\"https:\\\/\\\/www.bauer-hans.de\\\/ferienwohnung-im-baederdreieck\\\/#\\\/schema\\\/person\\\/ec8cee5d59eee83046ec1ea077642ec3\"},\"breadcrumb\":{\"@id\":\"https:\\\/\\\/www.bauer-hans.de\\\/ferienwohnung-im-baederdreieck\\\/2013\\\/02\\\/08\\\/thermalbaden-in-der-kalten-jahreszeit\\\/#breadcrumb\"},\"inLanguage\":\"de\",\"potentialAction\":[{\"@type\":\"ReadAction\",\"target\":[\"https:\\\/\\\/www.bauer-hans.de\\\/ferienwohnung-im-baederdreieck\\\/2013\\\/02\\\/08\\\/thermalbaden-in-der-kalten-jahreszeit\\\/\"]}]},{\"@type\":\"ImageObject\",\"inLanguage\":\"de\",\"@id\":\"https:\\\/\\\/www.bauer-hans.de\\\/ferienwohnung-im-baederdreieck\\\/2013\\\/02\\\/08\\\/thermalbaden-in-der-kalten-jahreszeit\\\/#primaryimage\",\"url\":\"https:\\\/\\\/www.bauer-hans.de\\\/ferienwohnung-im-baederdreieck\\\/wp-content\\\/uploads\\\/sites\\\/8\\\/2010\\\/10\\\/Therme1_Grottenbad.jpg\",\"contentUrl\":\"https:\\\/\\\/www.bauer-hans.de\\\/ferienwohnung-im-baederdreieck\\\/wp-content\\\/uploads\\\/sites\\\/8\\\/2010\\\/10\\\/Therme1_Grottenbad.jpg\",\"width\":500,\"height\":332},{\"@type\":\"BreadcrumbList\",\"@id\":\"https:\\\/\\\/www.bauer-hans.de\\\/ferienwohnung-im-baederdreieck\\\/2013\\\/02\\\/08\\\/thermalbaden-in-der-kalten-jahreszeit\\\/#breadcrumb\",\"itemListElement\":[{\"@type\":\"ListItem\",\"position\":1,\"name\":\"Startseite\",\"item\":\"https:\\\/\\\/www.bauer-hans.de\\\/ferienwohnung-im-baederdreieck\\\/\"},{\"@type\":\"ListItem\",\"position\":2,\"name\":\"Thermalbaden in der kalten Jahreszeit\"}]},{\"@type\":\"WebSite\",\"@id\":\"https:\\\/\\\/www.bauer-hans.de\\\/ferienwohnung-im-baederdreieck\\\/#website\",\"url\":\"https:\\\/\\\/www.bauer-hans.de\\\/ferienwohnung-im-baederdreieck\\\/\",\"name\":\"Ferienwohnung B\u00e4derdreieck Niederbayern | F\u00fcssing | Birnbach | Griesbach |\",\"description\":\"Top Fewo, 2 SZ, Winter-Garten N\u00e4he Bad Birnbach, Bad F\u00fcssing, Bad Griesbach\",\"potentialAction\":[{\"@type\":\"SearchAction\",\"target\":{\"@type\":\"EntryPoint\",\"urlTemplate\":\"https:\\\/\\\/www.bauer-hans.de\\\/ferienwohnung-im-baederdreieck\\\/?s={search_term_string}\"},\"query-input\":{\"@type\":\"PropertyValueSpecification\",\"valueRequired\":true,\"valueName\":\"search_term_string\"}}],\"inLanguage\":\"de\"},{\"@type\":\"Person\",\"@id\":\"https:\\\/\\\/www.bauer-hans.de\\\/ferienwohnung-im-baederdreieck\\\/#\\\/schema\\\/person\\\/ec8cee5d59eee83046ec1ea077642ec3\",\"name\":\"makler-hans\",\"image\":{\"@type\":\"ImageObject\",\"inLanguage\":\"de\",\"@id\":\"https:\\\/\\\/secure.gravatar.com\\\/avatar\\\/1de810de5966c4ec0b2bb8e8db121ea5bcbb1bd5f6eb943fb8a742f5b0b5f0f3?s=96&d=mm&r=g\",\"url\":\"https:\\\/\\\/secure.gravatar.com\\\/avatar\\\/1de810de5966c4ec0b2bb8e8db121ea5bcbb1bd5f6eb943fb8a742f5b0b5f0f3?s=96&d=mm&r=g\",\"contentUrl\":\"https:\\\/\\\/secure.gravatar.com\\\/avatar\\\/1de810de5966c4ec0b2bb8e8db121ea5bcbb1bd5f6eb943fb8a742f5b0b5f0f3?s=96&d=mm&r=g\",\"caption\":\"makler-hans\"},\"url\":\"https:\\\/\\\/www.bauer-hans.de\\\/ferienwohnung-im-baederdreieck\\\/author\\\/admin\\\/\"}]}<\/script>\n<!-- \/ Yoast SEO plugin. -->","yoast_head_json":{"title":"Thermalbaden in der kalten Jahreszeit - Ferienwohnung B\u00e4derdreieck Niederbayern | F\u00fcssing | Birnbach | Griesbach |","robots":{"index":"index","follow":"follow","max-snippet":"max-snippet:-1","max-image-preview":"max-image-preview:large","max-video-preview":"max-video-preview:-1"},"canonical":"https:\/\/www.bauer-hans.de\/ferienwohnung-im-baederdreieck\/2013\/02\/08\/thermalbaden-in-der-kalten-jahreszeit\/","twitter_misc":{"Verfasst von":"makler-hans","Gesch\u00e4tzte Lesezeit":"1\u00a0Minute"},"schema":{"@context":"https:\/\/schema.org","@graph":[{"@type":"Article","@id":"https:\/\/www.bauer-hans.de\/ferienwohnung-im-baederdreieck\/2013\/02\/08\/thermalbaden-in-der-kalten-jahreszeit\/#article","isPartOf":{"@id":"https:\/\/www.bauer-hans.de\/ferienwohnung-im-baederdreieck\/2013\/02\/08\/thermalbaden-in-der-kalten-jahreszeit\/"},"author":{"name":"makler-hans","@id":"https:\/\/www.bauer-hans.de\/ferienwohnung-im-baederdreieck\/#\/schema\/person\/ec8cee5d59eee83046ec1ea077642ec3"},"headline":"Thermalbaden in der kalten Jahreszeit","datePublished":"2013-02-08T17:28:39+00:00","mainEntityOfPage":{"@id":"https:\/\/www.bauer-hans.de\/ferienwohnung-im-baederdreieck\/2013\/02\/08\/thermalbaden-in-der-kalten-jahreszeit\/"},"wordCount":260,"commentCount":0,"image":{"@id":"https:\/\/www.bauer-hans.de\/ferienwohnung-im-baederdreieck\/2013\/02\/08\/thermalbaden-in-der-kalten-jahreszeit\/#primaryimage"},"thumbnailUrl":"https:\/\/www.bauer-hans.de\/ferienwohnung-im-baederdreieck\/wp-content\/uploads\/sites\/8\/2010\/10\/Therme1_Grottenbad.jpg","inLanguage":"de","potentialAction":[{"@type":"CommentAction","name":"Comment","target":["https:\/\/www.bauer-hans.de\/ferienwohnung-im-baederdreieck\/2013\/02\/08\/thermalbaden-in-der-kalten-jahreszeit\/#respond"]}]},{"@type":"WebPage","@id":"https:\/\/www.bauer-hans.de\/ferienwohnung-im-baederdreieck\/2013\/02\/08\/thermalbaden-in-der-kalten-jahreszeit\/","url":"https:\/\/www.bauer-hans.de\/ferienwohnung-im-baederdreieck\/2013\/02\/08\/thermalbaden-in-der-kalten-jahreszeit\/","name":"Thermalbaden in der kalten Jahreszeit - Ferienwohnung B\u00e4derdreieck Niederbayern | F\u00fcssing | Birnbach | Griesbach |","isPartOf":{"@id":"https:\/\/www.bauer-hans.de\/ferienwohnung-im-baederdreieck\/#website"},"primaryImageOfPage":{"@id":"https:\/\/www.bauer-hans.de\/ferienwohnung-im-baederdreieck\/2013\/02\/08\/thermalbaden-in-der-kalten-jahreszeit\/#primaryimage"},"image":{"@id":"https:\/\/www.bauer-hans.de\/ferienwohnung-im-baederdreieck\/2013\/02\/08\/thermalbaden-in-der-kalten-jahreszeit\/#primaryimage"},"thumbnailUrl":"https:\/\/www.bauer-hans.de\/ferienwohnung-im-baederdreieck\/wp-content\/uploads\/sites\/8\/2010\/10\/Therme1_Grottenbad.jpg","datePublished":"2013-02-08T17:28:39+00:00","author":{"@id":"https:\/\/www.bauer-hans.de\/ferienwohnung-im-baederdreieck\/#\/schema\/person\/ec8cee5d59eee83046ec1ea077642ec3"},"breadcrumb":{"@id":"https:\/\/www.bauer-hans.de\/ferienwohnung-im-baederdreieck\/2013\/02\/08\/thermalbaden-in-der-kalten-jahreszeit\/#breadcrumb"},"inLanguage":"de","potentialAction":[{"@type":"ReadAction","target":["https:\/\/www.bauer-hans.de\/ferienwohnung-im-baederdreieck\/2013\/02\/08\/thermalbaden-in-der-kalten-jahreszeit\/"]}]},{"@type":"ImageObject","inLanguage":"de","@id":"https:\/\/www.bauer-hans.de\/ferienwohnung-im-baederdreieck\/2013\/02\/08\/thermalbaden-in-der-kalten-jahreszeit\/#primaryimage","url":"https:\/\/www.bauer-hans.de\/ferienwohnung-im-baederdreieck\/wp-content\/uploads\/sites\/8\/2010\/10\/Therme1_Grottenbad.jpg","contentUrl":"https:\/\/www.bauer-hans.de\/ferienwohnung-im-baederdreieck\/wp-content\/uploads\/sites\/8\/2010\/10\/Therme1_Grottenbad.jpg","width":500,"height":332},{"@type":"BreadcrumbList","@id":"https:\/\/www.bauer-hans.de\/ferienwohnung-im-baederdreieck\/2013\/02\/08\/thermalbaden-in-der-kalten-jahreszeit\/#breadcrumb","itemListElement":[{"@type":"ListItem","position":1,"name":"Startseite","item":"https:\/\/www.bauer-hans.de\/ferienwohnung-im-baederdreieck\/"},{"@type":"ListItem","position":2,"name":"Thermalbaden in der kalten Jahreszeit"}]},{"@type":"WebSite","@id":"https:\/\/www.bauer-hans.de\/ferienwohnung-im-baederdreieck\/#website","url":"https:\/\/www.bauer-hans.de\/ferienwohnung-im-baederdreieck\/","name":"Ferienwohnung B\u00e4derdreieck Niederbayern | F\u00fcssing | Birnbach | Griesbach |","description":"Top Fewo, 2 SZ, Winter-Garten N\u00e4he Bad Birnbach, Bad F\u00fcssing, Bad Griesbach","potentialAction":[{"@type":"SearchAction","target":{"@type":"EntryPoint","urlTemplate":"https:\/\/www.bauer-hans.de\/ferienwohnung-im-baederdreieck\/?s={search_term_string}"},"query-input":{"@type":"PropertyValueSpecification","valueRequired":true,"valueName":"search_term_string"}}],"inLanguage":"de"},{"@type":"Person","@id":"https:\/\/www.bauer-hans.de\/ferienwohnung-im-baederdreieck\/#\/schema\/person\/ec8cee5d59eee83046ec1ea077642ec3","name":"makler-hans","image":{"@type":"ImageObject","inLanguage":"de","@id":"https:\/\/secure.gravatar.com\/avatar\/1de810de5966c4ec0b2bb8e8db121ea5bcbb1bd5f6eb943fb8a742f5b0b5f0f3?s=96&d=mm&r=g","url":"https:\/\/secure.gravatar.com\/avatar\/1de810de5966c4ec0b2bb8e8db121ea5bcbb1bd5f6eb943fb8a742f5b0b5f0f3?s=96&d=mm&r=g","contentUrl":"https:\/\/secure.gravatar.com\/avatar\/1de810de5966c4ec0b2bb8e8db121ea5bcbb1bd5f6eb943fb8a742f5b0b5f0f3?s=96&d=mm&r=g","caption":"makler-hans"},"url":"https:\/\/www.bauer-hans.de\/ferienwohnung-im-baederdreieck\/author\/admin\/"}]}},"_links":{"self":[{"href":"https:\/\/www.bauer-hans.de\/ferienwohnung-im-baederdreieck\/wp-json\/wp\/v2\/posts\/719","targetHints":{"allow":["GET"]}}],"collection":[{"href":"https:\/\/www.bauer-hans.de\/ferienwohnung-im-baederdreieck\/wp-json\/wp\/v2\/posts"}],"about":[{"href":"https:\/\/www.bauer-hans.de\/ferienwohnung-im-baederdreieck\/wp-json\/wp\/v2\/types\/post"}],"author":[{"embeddable":true,"href":"https:\/\/www.bauer-hans.de\/ferienwohnung-im-baederdreieck\/wp-json\/wp\/v2\/users\/2"}],"replies":[{"embeddable":true,"href":"https:\/\/www.bauer-hans.de\/ferienwohnung-im-baederdreieck\/wp-json\/wp\/v2\/comments?post=719"}],"version-history":[{"count":0,"href":"https:\/\/www.bauer-hans.de\/ferienwohnung-im-baederdreieck\/wp-json\/wp\/v2\/posts\/719\/revisions"}],"wp:attachment":[{"href":"https:\/\/www.bauer-hans.de\/ferienwohnung-im-baederdreieck\/wp-json\/wp\/v2\/media?parent=719"}],"wp:term":[{"taxonomy":"category","embeddable":true,"href":"https:\/\/www.bauer-hans.de\/ferienwohnung-im-baederdreieck\/wp-json\/wp\/v2\/categories?post=719"},{"taxonomy":"post_tag","embeddable":true,"href":"https:\/\/www.bauer-hans.de\/ferienwohnung-im-baederdreieck\/wp-json\/wp\/v2\/tags?post=719"}],"curies":[{"name":"wp","href":"https:\/\/api.w.org\/{rel}","templated":true}]}}