{"id":1143,"date":"2012-08-09T12:00:49","date_gmt":"2012-08-09T12:00:49","guid":{"rendered":"http:\/\/www.ferienwohnung-in-kaernten.de\/?p=1143"},"modified":"2012-08-09T12:00:49","modified_gmt":"2012-08-09T12:00:49","slug":"wandern-im-herbst-in-den-bergen-von-osterreich","status":"publish","type":"post","link":"https:\/\/www.bauer-hans.de\/ferienwohnung-in-kaernten\/2012\/08\/09\/wandern-im-herbst-in-den-bergen-von-osterreich\/","title":{"rendered":"wandern im Herbst in den Bergen von \u00d6sterreich"},"content":{"rendered":"<p><a href=\"http:\/\/www.ferienwohnung-in-kaernten.de\/2010\/09\/27\/karnten-im-herbs\/sonntagsausflug\/\" rel=\"attachment wp-att-65\"><img loading=\"lazy\" decoding=\"async\" class=\"alignleft size-medium wp-image-65\" title=\"Wandern in K\u00e4rnten\" src=\"http:\/\/www.ferienwohnung-in-kaernten.de\/wp-content\/uploads\/sites\/6\/2010\/09\/sparzierg\u00e4nger-250x166.jpg\" alt=\"\" width=\"250\" height=\"166\" \/><\/a>Im klaren Herbstlicht kommen K\u00e4rntens landschaftliche Reize ganz besonders gut zur Geltung: Die Berge tragen Leuchtfarben und spiegeln sich in smaragdgr\u00fcnen und tiefblauen Seen. Die Weitsicht ist fantastisch. Die Natur bietet reiche Eindr\u00fccke. Herbst-Urlauber erleben diese Stimmungen am besten in Bewegung.<strong>\u00a0 <\/strong><\/p>\n<div><strong><strong>Themenwanderungen, Genussradeln und K\u00e4rntner Schmankerl<\/strong>. Sieben Wander- und Radtouren schl\u00e4gt der neue <strong>Rosental-F\u00fchrer<\/strong> vor &#8230;<\/strong><\/div>\n<div>\n<p>Besonders bei Familien beliebt ist die Route, die der neue &#8222;Erlebnis-Rosental-F\u00fchrer&#8220; von K\u00f6ttmannsdorf nach Gotschuchen und zur\u00fcck nach Kirschentheuer vorschl\u00e4gt. Ein Teil der Strecke verl\u00e4uft entlang des <strong>idyllischen Drauradwegs<\/strong>, der auf insgesamt 460 Kilometern von den Lienzer Dolomiten durch das K\u00e4rntner Seengebiet bis ins slowenische Marburg f\u00fchrt. Die Etappe durch das Rosental besticht mit einem wunderbaren Naturerlebnis. Die Tour f\u00fcr Genussradler f\u00fchrt auf den Pl\u00f6schenberg mit seinen <strong>Themenpfaden <\/strong>durch faszinierende Fauna und Flora. Mit etwas Gl\u00fcck k\u00f6nnen Wanderer die seltene Zwergohreule in freier Natur beobachten. Kleine und gro\u00dfe Entdecker nehmen au\u00dferdem an <strong>gef\u00fchrten Pilz-, Wald- und kr\u00e4uterkundlichen <\/strong>Wanderungen teil.<strong>\u00a0<\/strong><\/p>\n<p><strong><\/strong><strong>\u00a0<\/strong><\/p>\n<p>&nbsp;<\/p>\n<p>Kondition ist Voraussetzung f\u00fcr jene, die den mystischen Spuren durch das Rosental folgen. Wer den 35 km langen Rundweg mit dem Ausgangspunkt <strong>St. Jakob<\/strong> bew\u00e4ltigt, begibt sich auf die Spuren des Ritters von Rase und erlebt Pl\u00e4tze der Kraft.<\/p>\n<p>In St. Jakob startet einer der vielf\u00e4ltigen Themenwanderwege des Rosentals. Alles dreht sich dabei um den Ritter von Rase, der dem Rosental seinen Namen gab. Unterwegs im Fabelwald treffen Wanderer auf d\u00fcstere Wurzelgestalten, bevor das Rosental den Blick \u00fcber das eindrucksvolle Panorama freigibt. Weiter geht es auf dem <strong>Rupertiberg<\/strong>. An den &#8222;Pl\u00e4tzen der Kraft&#8220; tanken die Wanderer neue Energie und vergessen ihren Alltagsstress. Wer anschlie\u00dfend den Begegnungs- und Gl\u00fccksfelsen umd einen romantischen Wasserfall in einer einsamen Waldschlucht erleben m\u00f6chte, muss sich von <strong>Lukowitz<\/strong> aus auf den Wanderweg <strong>Sreca Pec<\/strong> begeben.<\/p>\n<p>Danach muss unbedingt Zeit f\u00fcr den Spielpark in <strong>Gotschuchen<\/strong> eingeplant werden. Hier folgen die kleinen Piraten Peter Pan ins Nimmerland. Der Familienspa\u00df ist garantiert mit Captain Hooks <strong>Piratenschiff<\/strong>, einem <strong>Wasserfall<\/strong>, einem <strong>Klettergarten<\/strong>, <strong>Indianerzelten<\/strong> und der <strong>Korbschaukel<\/strong>. Das gro\u00dfe Maislabyrinth nebenan ist das ideale Versteck. Piratenfeste und Indianerpartys sorgen f\u00fcr Abwechslung.<\/p>\n<p>F\u00fcr sportliche Kulturliebhaber ist die Tour entlang der Schl\u00f6sserstra\u00dfe sehr geeignet. Auf der insgesamt 70 km langen Rundreise durch die K\u00e4rntner Natur gilt es, die verborgenen Sch\u00e4tze des Rosentals zu entdecken. Ausgangs- und Endpunkt der Tour ist das <strong>Schloss Rosegg:<\/strong> Wer den Weg aus \u00d6sterreichs gr\u00f6\u00dftem <strong>Gartenlabyrinth<\/strong> findet, sollte noch Zeit f\u00fcr das <strong>Figurenkabinett<\/strong> Madame Lucrezia und den <strong>Tierpark<\/strong> in Rosegg\u00a0 einplanen.<\/p>\n<p>Au\u00dferdem auf der Schl\u00f6sserstra\u00dfe zu entdecken ist das <strong>Renaissance-Schloss Ebenau<\/strong>, ein Zentrum moderner Kunst. Weiter geht es ins <strong>Schloss Ferlach<\/strong>. Das dort beheimatete B\u00fcchsenmacher- und Jagdmuseum zeigt die Entwicklung der Region als Produktionsst\u00e4tte h\u00f6chstwertiger Jagdwaffen auf. Eine &#8222;Lebendige Werkst\u00e4tte&#8220; f\u00fchrt in die Kunst der Gravur ein.<\/p>\n<p>Sportler lockt auch die 18 km lange Tour von <strong>Kirschentheuer<\/strong> \u00fcber <strong>Ferlach<\/strong> ins Bodental. H\u00f6hepunkt ist die Durchwanderung der <strong>Tscheppaschlucht<\/strong>, die ihre Besucher mit tosenden Wassermassen \u00fcberw\u00e4ltigt. Ein gut gesicherter Steig f\u00fchrt an Wasserf\u00e4llen vorbei, \u00fcber Holzstege und Br\u00fccken, eine spektakul\u00e4re Wendeltreppe und sogar eine H\u00e4ngebr\u00fccke.<\/p>\n<p>Ein Naturerlebnis der besonderen Art ist der 26 Meter hohe <strong>Tschaukofall<\/strong>. Wer die Tour &#8222;Wildes Wasser&#8220; mit dem ultimativen Kick kr\u00f6nen m\u00f6chte, sollte sich am <strong>Canyoning in der Tscheppaschlucht<\/strong> versuchen. Sie ist eine der sch\u00f6nsten <strong>Canyoning-Schluchten<\/strong> K\u00e4rntens. Mit gef\u00fchrten Touren geht es von den Felsen in die Wassert\u00fcmpel, \u00fcber Wasserf\u00e4lle und Wasserrutschen.<\/p>\n<\/div>\n","protected":false},"excerpt":{"rendered":"<p>Im klaren Herbstlicht kommen K\u00e4rntens landschaftliche Reize ganz besonders gut zur Geltung: Die Berge tragen Leuchtfarben und spiegeln sich in smaragdgr\u00fcnen und tiefblauen Seen. Die Weitsicht ist fantastisch. Die Natur bietet reiche Eindr\u00fccke. Herbst-Urlauber erleben diese Stimmungen am besten in Bewegung.\u00a0 Themenwanderungen, Genussradeln und K\u00e4rntner Schmankerl. Sieben Wander- und Radtouren schl\u00e4gt der neue Rosental-F\u00fchrer vor &hellip; <\/p>\n<p class=\"link-more\"><a href=\"https:\/\/www.bauer-hans.de\/ferienwohnung-in-kaernten\/2012\/08\/09\/wandern-im-herbst-in-den-bergen-von-osterreich\/\" class=\"more-link\"><span class=\"screen-reader-text\">\u201ewandern im Herbst in den Bergen von \u00d6sterreich\u201c <\/span>weiterlesen<\/a><\/p>\n","protected":false},"author":2,"featured_media":0,"comment_status":"closed","ping_status":"closed","sticky":false,"template":"","format":"standard","meta":{"_acf_changed":false,"footnotes":""},"categories":[1],"tags":[],"class_list":["post-1143","post","type-post","status-publish","format-standard","hentry","category-allgemein"],"acf":[],"yoast_head":"<!-- This site is optimized with the Yoast SEO plugin v27.5 - https:\/\/yoast.com\/product\/yoast-seo-wordpress\/ -->\n<title>wandern im Herbst im S\u00fcden von \u00d6sterreich - K\u00e4rnten<\/title>\n<meta name=\"description\" content=\"Herbsturlaub in K\u00e4rnten. Verbringen Sie traumhafte Herbsttage im Rosental in K\u00e4rnten\" \/>\n<meta name=\"robots\" content=\"index, follow, max-snippet:-1, max-image-preview:large, max-video-preview:-1\" \/>\n<link rel=\"canonical\" href=\"https:\/\/www.bauer-hans.de\/ferienwohnung-in-kaernten\/2012\/08\/09\/wandern-im-herbst-in-den-bergen-von-osterreich\/\" \/>\n<meta name=\"twitter:label1\" content=\"Verfasst von\" \/>\n\t<meta name=\"twitter:data1\" content=\"makler-hans\" \/>\n\t<meta name=\"twitter:label2\" content=\"Gesch\u00e4tzte Lesezeit\" \/>\n\t<meta name=\"twitter:data2\" content=\"3\u00a0Minuten\" \/>\n<script type=\"application\/ld+json\" class=\"yoast-schema-graph\">{\"@context\":\"https:\\\/\\\/schema.org\",\"@graph\":[{\"@type\":\"Article\",\"@id\":\"https:\\\/\\\/www.bauer-hans.de\\\/ferienwohnung-in-kaernten\\\/2012\\\/08\\\/09\\\/wandern-im-herbst-in-den-bergen-von-osterreich\\\/#article\",\"isPartOf\":{\"@id\":\"https:\\\/\\\/www.bauer-hans.de\\\/ferienwohnung-in-kaernten\\\/2012\\\/08\\\/09\\\/wandern-im-herbst-in-den-bergen-von-osterreich\\\/\"},\"author\":{\"name\":\"makler-hans\",\"@id\":\"https:\\\/\\\/www.bauer-hans.de\\\/ferienwohnung-in-kaernten\\\/#\\\/schema\\\/person\\\/ec8cee5d59eee83046ec1ea077642ec3\"},\"headline\":\"wandern im Herbst in den Bergen von \u00d6sterreich\",\"datePublished\":\"2012-08-09T12:00:49+00:00\",\"mainEntityOfPage\":{\"@id\":\"https:\\\/\\\/www.bauer-hans.de\\\/ferienwohnung-in-kaernten\\\/2012\\\/08\\\/09\\\/wandern-im-herbst-in-den-bergen-von-osterreich\\\/\"},\"wordCount\":607,\"publisher\":{\"@id\":\"https:\\\/\\\/www.bauer-hans.de\\\/ferienwohnung-in-kaernten\\\/#organization\"},\"inLanguage\":\"de\"},{\"@type\":\"WebPage\",\"@id\":\"https:\\\/\\\/www.bauer-hans.de\\\/ferienwohnung-in-kaernten\\\/2012\\\/08\\\/09\\\/wandern-im-herbst-in-den-bergen-von-osterreich\\\/\",\"url\":\"https:\\\/\\\/www.bauer-hans.de\\\/ferienwohnung-in-kaernten\\\/2012\\\/08\\\/09\\\/wandern-im-herbst-in-den-bergen-von-osterreich\\\/\",\"name\":\"wandern im Herbst im S\u00fcden von \u00d6sterreich - K\u00e4rnten\",\"isPartOf\":{\"@id\":\"https:\\\/\\\/www.bauer-hans.de\\\/ferienwohnung-in-kaernten\\\/#website\"},\"datePublished\":\"2012-08-09T12:00:49+00:00\",\"description\":\"Herbsturlaub in K\u00e4rnten. Verbringen Sie traumhafte Herbsttage im Rosental in K\u00e4rnten\",\"breadcrumb\":{\"@id\":\"https:\\\/\\\/www.bauer-hans.de\\\/ferienwohnung-in-kaernten\\\/2012\\\/08\\\/09\\\/wandern-im-herbst-in-den-bergen-von-osterreich\\\/#breadcrumb\"},\"inLanguage\":\"de\",\"potentialAction\":[{\"@type\":\"ReadAction\",\"target\":[\"https:\\\/\\\/www.bauer-hans.de\\\/ferienwohnung-in-kaernten\\\/2012\\\/08\\\/09\\\/wandern-im-herbst-in-den-bergen-von-osterreich\\\/\"]}]},{\"@type\":\"BreadcrumbList\",\"@id\":\"https:\\\/\\\/www.bauer-hans.de\\\/ferienwohnung-in-kaernten\\\/2012\\\/08\\\/09\\\/wandern-im-herbst-in-den-bergen-von-osterreich\\\/#breadcrumb\",\"itemListElement\":[{\"@type\":\"ListItem\",\"position\":1,\"name\":\"Startseite\",\"item\":\"https:\\\/\\\/www.bauer-hans.de\\\/ferienwohnung-in-kaernten\\\/\"},{\"@type\":\"ListItem\",\"position\":2,\"name\":\"wandern im Herbst in den Bergen von \u00d6sterreich\"}]},{\"@type\":\"WebSite\",\"@id\":\"https:\\\/\\\/www.bauer-hans.de\\\/ferienwohnung-in-kaernten\\\/#website\",\"url\":\"https:\\\/\\\/www.bauer-hans.de\\\/ferienwohnung-in-kaernten\\\/\",\"name\":\"Ferienwohnung in K\u00e4rnten direkt am See eigener Garten \u2026 Wellness \u2026 beheizter Pool\",\"description\":\"Urlaubsvergn\u00fcgen pur -  tolle Fewos in  K\u00e4rnten N\u00e4he W\u00f6rthersee \\\/ Faaker See\",\"publisher\":{\"@id\":\"https:\\\/\\\/www.bauer-hans.de\\\/ferienwohnung-in-kaernten\\\/#organization\"},\"potentialAction\":[{\"@type\":\"SearchAction\",\"target\":{\"@type\":\"EntryPoint\",\"urlTemplate\":\"https:\\\/\\\/www.bauer-hans.de\\\/ferienwohnung-in-kaernten\\\/?s={search_term_string}\"},\"query-input\":{\"@type\":\"PropertyValueSpecification\",\"valueRequired\":true,\"valueName\":\"search_term_string\"}}],\"inLanguage\":\"de\"},{\"@type\":\"Organization\",\"@id\":\"https:\\\/\\\/www.bauer-hans.de\\\/ferienwohnung-in-kaernten\\\/#organization\",\"name\":\"Ferienwohnung in K\u00e4rnten direkt am See eigener Garten \u2026 Wellness \u2026 beheizter Pool\",\"url\":\"https:\\\/\\\/www.bauer-hans.de\\\/ferienwohnung-in-kaernten\\\/\",\"logo\":{\"@type\":\"ImageObject\",\"inLanguage\":\"de\",\"@id\":\"https:\\\/\\\/www.bauer-hans.de\\\/ferienwohnung-in-kaernten\\\/#\\\/schema\\\/logo\\\/image\\\/\",\"url\":\"https:\\\/\\\/www.bauer-hans.de\\\/ferienwohnung-in-kaernten\\\/wp-content\\\/uploads\\\/sites\\\/6\\\/2018\\\/05\\\/cropped-logo-4s.jpg\",\"contentUrl\":\"https:\\\/\\\/www.bauer-hans.de\\\/ferienwohnung-in-kaernten\\\/wp-content\\\/uploads\\\/sites\\\/6\\\/2018\\\/05\\\/cropped-logo-4s.jpg\",\"width\":250,\"height\":250,\"caption\":\"Ferienwohnung in K\u00e4rnten direkt am See eigener Garten \u2026 Wellness \u2026 beheizter Pool\"},\"image\":{\"@id\":\"https:\\\/\\\/www.bauer-hans.de\\\/ferienwohnung-in-kaernten\\\/#\\\/schema\\\/logo\\\/image\\\/\"}},{\"@type\":\"Person\",\"@id\":\"https:\\\/\\\/www.bauer-hans.de\\\/ferienwohnung-in-kaernten\\\/#\\\/schema\\\/person\\\/ec8cee5d59eee83046ec1ea077642ec3\",\"name\":\"makler-hans\",\"image\":{\"@type\":\"ImageObject\",\"inLanguage\":\"de\",\"@id\":\"https:\\\/\\\/secure.gravatar.com\\\/avatar\\\/1de810de5966c4ec0b2bb8e8db121ea5bcbb1bd5f6eb943fb8a742f5b0b5f0f3?s=96&d=mm&r=g\",\"url\":\"https:\\\/\\\/secure.gravatar.com\\\/avatar\\\/1de810de5966c4ec0b2bb8e8db121ea5bcbb1bd5f6eb943fb8a742f5b0b5f0f3?s=96&d=mm&r=g\",\"contentUrl\":\"https:\\\/\\\/secure.gravatar.com\\\/avatar\\\/1de810de5966c4ec0b2bb8e8db121ea5bcbb1bd5f6eb943fb8a742f5b0b5f0f3?s=96&d=mm&r=g\",\"caption\":\"makler-hans\"},\"url\":\"https:\\\/\\\/www.bauer-hans.de\\\/ferienwohnung-in-kaernten\\\/author\\\/admin\\\/\"}]}<\/script>\n<!-- \/ Yoast SEO plugin. -->","yoast_head_json":{"title":"wandern im Herbst im S\u00fcden von \u00d6sterreich - K\u00e4rnten","description":"Herbsturlaub in K\u00e4rnten. Verbringen Sie traumhafte Herbsttage im Rosental in K\u00e4rnten","robots":{"index":"index","follow":"follow","max-snippet":"max-snippet:-1","max-image-preview":"max-image-preview:large","max-video-preview":"max-video-preview:-1"},"canonical":"https:\/\/www.bauer-hans.de\/ferienwohnung-in-kaernten\/2012\/08\/09\/wandern-im-herbst-in-den-bergen-von-osterreich\/","twitter_misc":{"Verfasst von":"makler-hans","Gesch\u00e4tzte Lesezeit":"3\u00a0Minuten"},"schema":{"@context":"https:\/\/schema.org","@graph":[{"@type":"Article","@id":"https:\/\/www.bauer-hans.de\/ferienwohnung-in-kaernten\/2012\/08\/09\/wandern-im-herbst-in-den-bergen-von-osterreich\/#article","isPartOf":{"@id":"https:\/\/www.bauer-hans.de\/ferienwohnung-in-kaernten\/2012\/08\/09\/wandern-im-herbst-in-den-bergen-von-osterreich\/"},"author":{"name":"makler-hans","@id":"https:\/\/www.bauer-hans.de\/ferienwohnung-in-kaernten\/#\/schema\/person\/ec8cee5d59eee83046ec1ea077642ec3"},"headline":"wandern im Herbst in den Bergen von \u00d6sterreich","datePublished":"2012-08-09T12:00:49+00:00","mainEntityOfPage":{"@id":"https:\/\/www.bauer-hans.de\/ferienwohnung-in-kaernten\/2012\/08\/09\/wandern-im-herbst-in-den-bergen-von-osterreich\/"},"wordCount":607,"publisher":{"@id":"https:\/\/www.bauer-hans.de\/ferienwohnung-in-kaernten\/#organization"},"inLanguage":"de"},{"@type":"WebPage","@id":"https:\/\/www.bauer-hans.de\/ferienwohnung-in-kaernten\/2012\/08\/09\/wandern-im-herbst-in-den-bergen-von-osterreich\/","url":"https:\/\/www.bauer-hans.de\/ferienwohnung-in-kaernten\/2012\/08\/09\/wandern-im-herbst-in-den-bergen-von-osterreich\/","name":"wandern im Herbst im S\u00fcden von \u00d6sterreich - K\u00e4rnten","isPartOf":{"@id":"https:\/\/www.bauer-hans.de\/ferienwohnung-in-kaernten\/#website"},"datePublished":"2012-08-09T12:00:49+00:00","description":"Herbsturlaub in K\u00e4rnten. Verbringen Sie traumhafte Herbsttage im Rosental in K\u00e4rnten","breadcrumb":{"@id":"https:\/\/www.bauer-hans.de\/ferienwohnung-in-kaernten\/2012\/08\/09\/wandern-im-herbst-in-den-bergen-von-osterreich\/#breadcrumb"},"inLanguage":"de","potentialAction":[{"@type":"ReadAction","target":["https:\/\/www.bauer-hans.de\/ferienwohnung-in-kaernten\/2012\/08\/09\/wandern-im-herbst-in-den-bergen-von-osterreich\/"]}]},{"@type":"BreadcrumbList","@id":"https:\/\/www.bauer-hans.de\/ferienwohnung-in-kaernten\/2012\/08\/09\/wandern-im-herbst-in-den-bergen-von-osterreich\/#breadcrumb","itemListElement":[{"@type":"ListItem","position":1,"name":"Startseite","item":"https:\/\/www.bauer-hans.de\/ferienwohnung-in-kaernten\/"},{"@type":"ListItem","position":2,"name":"wandern im Herbst in den Bergen von \u00d6sterreich"}]},{"@type":"WebSite","@id":"https:\/\/www.bauer-hans.de\/ferienwohnung-in-kaernten\/#website","url":"https:\/\/www.bauer-hans.de\/ferienwohnung-in-kaernten\/","name":"Ferienwohnung in K\u00e4rnten direkt am See eigener Garten \u2026 Wellness \u2026 beheizter Pool","description":"Urlaubsvergn\u00fcgen pur -  tolle Fewos in  K\u00e4rnten N\u00e4he W\u00f6rthersee \/ Faaker See","publisher":{"@id":"https:\/\/www.bauer-hans.de\/ferienwohnung-in-kaernten\/#organization"},"potentialAction":[{"@type":"SearchAction","target":{"@type":"EntryPoint","urlTemplate":"https:\/\/www.bauer-hans.de\/ferienwohnung-in-kaernten\/?s={search_term_string}"},"query-input":{"@type":"PropertyValueSpecification","valueRequired":true,"valueName":"search_term_string"}}],"inLanguage":"de"},{"@type":"Organization","@id":"https:\/\/www.bauer-hans.de\/ferienwohnung-in-kaernten\/#organization","name":"Ferienwohnung in K\u00e4rnten direkt am See eigener Garten \u2026 Wellness \u2026 beheizter Pool","url":"https:\/\/www.bauer-hans.de\/ferienwohnung-in-kaernten\/","logo":{"@type":"ImageObject","inLanguage":"de","@id":"https:\/\/www.bauer-hans.de\/ferienwohnung-in-kaernten\/#\/schema\/logo\/image\/","url":"https:\/\/www.bauer-hans.de\/ferienwohnung-in-kaernten\/wp-content\/uploads\/sites\/6\/2018\/05\/cropped-logo-4s.jpg","contentUrl":"https:\/\/www.bauer-hans.de\/ferienwohnung-in-kaernten\/wp-content\/uploads\/sites\/6\/2018\/05\/cropped-logo-4s.jpg","width":250,"height":250,"caption":"Ferienwohnung in K\u00e4rnten direkt am See eigener Garten \u2026 Wellness \u2026 beheizter Pool"},"image":{"@id":"https:\/\/www.bauer-hans.de\/ferienwohnung-in-kaernten\/#\/schema\/logo\/image\/"}},{"@type":"Person","@id":"https:\/\/www.bauer-hans.de\/ferienwohnung-in-kaernten\/#\/schema\/person\/ec8cee5d59eee83046ec1ea077642ec3","name":"makler-hans","image":{"@type":"ImageObject","inLanguage":"de","@id":"https:\/\/secure.gravatar.com\/avatar\/1de810de5966c4ec0b2bb8e8db121ea5bcbb1bd5f6eb943fb8a742f5b0b5f0f3?s=96&d=mm&r=g","url":"https:\/\/secure.gravatar.com\/avatar\/1de810de5966c4ec0b2bb8e8db121ea5bcbb1bd5f6eb943fb8a742f5b0b5f0f3?s=96&d=mm&r=g","contentUrl":"https:\/\/secure.gravatar.com\/avatar\/1de810de5966c4ec0b2bb8e8db121ea5bcbb1bd5f6eb943fb8a742f5b0b5f0f3?s=96&d=mm&r=g","caption":"makler-hans"},"url":"https:\/\/www.bauer-hans.de\/ferienwohnung-in-kaernten\/author\/admin\/"}]}},"_links":{"self":[{"href":"https:\/\/www.bauer-hans.de\/ferienwohnung-in-kaernten\/wp-json\/wp\/v2\/posts\/1143","targetHints":{"allow":["GET"]}}],"collection":[{"href":"https:\/\/www.bauer-hans.de\/ferienwohnung-in-kaernten\/wp-json\/wp\/v2\/posts"}],"about":[{"href":"https:\/\/www.bauer-hans.de\/ferienwohnung-in-kaernten\/wp-json\/wp\/v2\/types\/post"}],"author":[{"embeddable":true,"href":"https:\/\/www.bauer-hans.de\/ferienwohnung-in-kaernten\/wp-json\/wp\/v2\/users\/2"}],"replies":[{"embeddable":true,"href":"https:\/\/www.bauer-hans.de\/ferienwohnung-in-kaernten\/wp-json\/wp\/v2\/comments?post=1143"}],"version-history":[{"count":0,"href":"https:\/\/www.bauer-hans.de\/ferienwohnung-in-kaernten\/wp-json\/wp\/v2\/posts\/1143\/revisions"}],"wp:attachment":[{"href":"https:\/\/www.bauer-hans.de\/ferienwohnung-in-kaernten\/wp-json\/wp\/v2\/media?parent=1143"}],"wp:term":[{"taxonomy":"category","embeddable":true,"href":"https:\/\/www.bauer-hans.de\/ferienwohnung-in-kaernten\/wp-json\/wp\/v2\/categories?post=1143"},{"taxonomy":"post_tag","embeddable":true,"href":"https:\/\/www.bauer-hans.de\/ferienwohnung-in-kaernten\/wp-json\/wp\/v2\/tags?post=1143"}],"curies":[{"name":"wp","href":"https:\/\/api.w.org\/{rel}","templated":true}]}}