{"id":1396,"date":"2012-08-20T10:15:46","date_gmt":"2012-08-20T10:15:46","guid":{"rendered":"http:\/\/www.ferienwohnung-in-kaernten.de\/?p=1396"},"modified":"2012-08-20T10:15:46","modified_gmt":"2012-08-20T10:15:46","slug":"harley-treffen-faaker-see-2012-fewo-zu-vermieten","status":"publish","type":"post","link":"https:\/\/www.bauer-hans.de\/ferienwohnung-in-kaernten\/2012\/08\/20\/harley-treffen-faaker-see-2012-fewo-zu-vermieten\/","title":{"rendered":"Harley Treffen Faaker See 2012 &#8211; Fewo zu vermieten"},"content":{"rendered":"<p><a href=\"http:\/\/www.ferienwohnung-in-kaernten.de\/2012\/08\/20\/harley-treffen-faaker-see-2012-fewo-zu-vermieten\/harley-faak\/\" rel=\"attachment wp-att-1397\"><img loading=\"lazy\" decoding=\"async\" class=\"alignleft size-medium wp-image-1397\" title=\"Harley Treffen Faaker See\" src=\"http:\/\/www.ferienwohnung-in-kaernten.de\/wp-content\/uploads\/sites\/6\/2012\/08\/harley-faak-250x187.jpg\" alt=\"\" width=\"250\" height=\"187\" \/><\/a>Von unseren Ferienwohnung aus sind es ca. 20 km zum Faaker See. Also ideal gelegen wenn Sie selbst an dem Treffen gerne teilnehmen m\u00f6chten und f\u00fcr diese Zeit eine sch\u00f6ne Ferienwohnung suchen.<\/p>\n<p>Weitere Infos hierzu siehe:<\/p>\n<p><a href=\"http:\/\/www.hogeuropegallery.com\/ebw\/?lang=de\">http:\/\/www.hogeuropegallery.com\/ebw\/?lang=de<\/a><\/p>\n","protected":false},"excerpt":{"rendered":"<p>Von unseren Ferienwohnung aus sind es ca. 20 km zum Faaker See. Also ideal gelegen wenn Sie selbst an dem Treffen gerne teilnehmen m\u00f6chten und f\u00fcr diese Zeit eine sch\u00f6ne Ferienwohnung suchen. Weitere Infos hierzu siehe: http:\/\/www.hogeuropegallery.com\/ebw\/?lang=de<\/p>\n","protected":false},"author":2,"featured_media":0,"comment_status":"closed","ping_status":"closed","sticky":false,"template":"","format":"standard","meta":{"_acf_changed":false,"footnotes":""},"categories":[1],"tags":[],"class_list":["post-1396","post","type-post","status-publish","format-standard","hentry","category-allgemein"],"acf":[],"yoast_head":"<!-- This site is optimized with the Yoast SEO plugin v27.4 - https:\/\/yoast.com\/product\/yoast-seo-wordpress\/ -->\n<title>Harley Treffen 2012 Faaker See<\/title>\n<meta name=\"description\" content=\"Herrliche Fewo, ca. 20 km entfernt vom Faaker See noch frei.\" \/>\n<meta name=\"robots\" content=\"index, follow, max-snippet:-1, max-image-preview:large, max-video-preview:-1\" \/>\n<link rel=\"canonical\" href=\"https:\/\/www.bauer-hans.de\/ferienwohnung-in-kaernten\/2012\/08\/20\/harley-treffen-faaker-see-2012-fewo-zu-vermieten\/\" \/>\n<meta name=\"twitter:label1\" content=\"Verfasst von\" \/>\n\t<meta name=\"twitter:data1\" content=\"makler-hans\" \/>\n<script type=\"application\/ld+json\" class=\"yoast-schema-graph\">{\"@context\":\"https:\\\/\\\/schema.org\",\"@graph\":[{\"@type\":\"Article\",\"@id\":\"https:\\\/\\\/www.bauer-hans.de\\\/ferienwohnung-in-kaernten\\\/2012\\\/08\\\/20\\\/harley-treffen-faaker-see-2012-fewo-zu-vermieten\\\/#article\",\"isPartOf\":{\"@id\":\"https:\\\/\\\/www.bauer-hans.de\\\/ferienwohnung-in-kaernten\\\/2012\\\/08\\\/20\\\/harley-treffen-faaker-see-2012-fewo-zu-vermieten\\\/\"},\"author\":{\"name\":\"makler-hans\",\"@id\":\"https:\\\/\\\/www.bauer-hans.de\\\/ferienwohnung-in-kaernten\\\/#\\\/schema\\\/person\\\/ec8cee5d59eee83046ec1ea077642ec3\"},\"headline\":\"Harley Treffen Faaker See 2012 &#8211; Fewo zu vermieten\",\"datePublished\":\"2012-08-20T10:15:46+00:00\",\"mainEntityOfPage\":{\"@id\":\"https:\\\/\\\/www.bauer-hans.de\\\/ferienwohnung-in-kaernten\\\/2012\\\/08\\\/20\\\/harley-treffen-faaker-see-2012-fewo-zu-vermieten\\\/\"},\"wordCount\":53,\"publisher\":{\"@id\":\"https:\\\/\\\/www.bauer-hans.de\\\/ferienwohnung-in-kaernten\\\/#organization\"},\"image\":{\"@id\":\"https:\\\/\\\/www.bauer-hans.de\\\/ferienwohnung-in-kaernten\\\/2012\\\/08\\\/20\\\/harley-treffen-faaker-see-2012-fewo-zu-vermieten\\\/#primaryimage\"},\"thumbnailUrl\":\"http:\\\/\\\/www.ferienwohnung-in-kaernten.de\\\/wp-content\\\/uploads\\\/sites\\\/6\\\/2012\\\/08\\\/harley-faak-250x187.jpg\",\"inLanguage\":\"de\"},{\"@type\":\"WebPage\",\"@id\":\"https:\\\/\\\/www.bauer-hans.de\\\/ferienwohnung-in-kaernten\\\/2012\\\/08\\\/20\\\/harley-treffen-faaker-see-2012-fewo-zu-vermieten\\\/\",\"url\":\"https:\\\/\\\/www.bauer-hans.de\\\/ferienwohnung-in-kaernten\\\/2012\\\/08\\\/20\\\/harley-treffen-faaker-see-2012-fewo-zu-vermieten\\\/\",\"name\":\"Harley Treffen 2012 Faaker See\",\"isPartOf\":{\"@id\":\"https:\\\/\\\/www.bauer-hans.de\\\/ferienwohnung-in-kaernten\\\/#website\"},\"primaryImageOfPage\":{\"@id\":\"https:\\\/\\\/www.bauer-hans.de\\\/ferienwohnung-in-kaernten\\\/2012\\\/08\\\/20\\\/harley-treffen-faaker-see-2012-fewo-zu-vermieten\\\/#primaryimage\"},\"image\":{\"@id\":\"https:\\\/\\\/www.bauer-hans.de\\\/ferienwohnung-in-kaernten\\\/2012\\\/08\\\/20\\\/harley-treffen-faaker-see-2012-fewo-zu-vermieten\\\/#primaryimage\"},\"thumbnailUrl\":\"http:\\\/\\\/www.ferienwohnung-in-kaernten.de\\\/wp-content\\\/uploads\\\/sites\\\/6\\\/2012\\\/08\\\/harley-faak-250x187.jpg\",\"datePublished\":\"2012-08-20T10:15:46+00:00\",\"description\":\"Herrliche Fewo, ca. 20 km entfernt vom Faaker See noch frei.\",\"breadcrumb\":{\"@id\":\"https:\\\/\\\/www.bauer-hans.de\\\/ferienwohnung-in-kaernten\\\/2012\\\/08\\\/20\\\/harley-treffen-faaker-see-2012-fewo-zu-vermieten\\\/#breadcrumb\"},\"inLanguage\":\"de\",\"potentialAction\":[{\"@type\":\"ReadAction\",\"target\":[\"https:\\\/\\\/www.bauer-hans.de\\\/ferienwohnung-in-kaernten\\\/2012\\\/08\\\/20\\\/harley-treffen-faaker-see-2012-fewo-zu-vermieten\\\/\"]}]},{\"@type\":\"ImageObject\",\"inLanguage\":\"de\",\"@id\":\"https:\\\/\\\/www.bauer-hans.de\\\/ferienwohnung-in-kaernten\\\/2012\\\/08\\\/20\\\/harley-treffen-faaker-see-2012-fewo-zu-vermieten\\\/#primaryimage\",\"url\":\"http:\\\/\\\/www.ferienwohnung-in-kaernten.de\\\/wp-content\\\/uploads\\\/sites\\\/6\\\/2012\\\/08\\\/harley-faak-250x187.jpg\",\"contentUrl\":\"http:\\\/\\\/www.ferienwohnung-in-kaernten.de\\\/wp-content\\\/uploads\\\/sites\\\/6\\\/2012\\\/08\\\/harley-faak-250x187.jpg\"},{\"@type\":\"BreadcrumbList\",\"@id\":\"https:\\\/\\\/www.bauer-hans.de\\\/ferienwohnung-in-kaernten\\\/2012\\\/08\\\/20\\\/harley-treffen-faaker-see-2012-fewo-zu-vermieten\\\/#breadcrumb\",\"itemListElement\":[{\"@type\":\"ListItem\",\"position\":1,\"name\":\"Startseite\",\"item\":\"https:\\\/\\\/www.bauer-hans.de\\\/ferienwohnung-in-kaernten\\\/\"},{\"@type\":\"ListItem\",\"position\":2,\"name\":\"Harley Treffen Faaker See 2012 &#8211; Fewo zu vermieten\"}]},{\"@type\":\"WebSite\",\"@id\":\"https:\\\/\\\/www.bauer-hans.de\\\/ferienwohnung-in-kaernten\\\/#website\",\"url\":\"https:\\\/\\\/www.bauer-hans.de\\\/ferienwohnung-in-kaernten\\\/\",\"name\":\"Ferienwohnung in K\u00e4rnten direkt am See eigener Garten \u2026 Wellness \u2026 beheizter Pool\",\"description\":\"Urlaubsvergn\u00fcgen pur -  tolle Fewos in  K\u00e4rnten N\u00e4he W\u00f6rthersee \\\/ Faaker See\",\"publisher\":{\"@id\":\"https:\\\/\\\/www.bauer-hans.de\\\/ferienwohnung-in-kaernten\\\/#organization\"},\"potentialAction\":[{\"@type\":\"SearchAction\",\"target\":{\"@type\":\"EntryPoint\",\"urlTemplate\":\"https:\\\/\\\/www.bauer-hans.de\\\/ferienwohnung-in-kaernten\\\/?s={search_term_string}\"},\"query-input\":{\"@type\":\"PropertyValueSpecification\",\"valueRequired\":true,\"valueName\":\"search_term_string\"}}],\"inLanguage\":\"de\"},{\"@type\":\"Organization\",\"@id\":\"https:\\\/\\\/www.bauer-hans.de\\\/ferienwohnung-in-kaernten\\\/#organization\",\"name\":\"Ferienwohnung in K\u00e4rnten direkt am See eigener Garten \u2026 Wellness \u2026 beheizter Pool\",\"url\":\"https:\\\/\\\/www.bauer-hans.de\\\/ferienwohnung-in-kaernten\\\/\",\"logo\":{\"@type\":\"ImageObject\",\"inLanguage\":\"de\",\"@id\":\"https:\\\/\\\/www.bauer-hans.de\\\/ferienwohnung-in-kaernten\\\/#\\\/schema\\\/logo\\\/image\\\/\",\"url\":\"https:\\\/\\\/www.bauer-hans.de\\\/ferienwohnung-in-kaernten\\\/wp-content\\\/uploads\\\/sites\\\/6\\\/2018\\\/05\\\/cropped-logo-4s.jpg\",\"contentUrl\":\"https:\\\/\\\/www.bauer-hans.de\\\/ferienwohnung-in-kaernten\\\/wp-content\\\/uploads\\\/sites\\\/6\\\/2018\\\/05\\\/cropped-logo-4s.jpg\",\"width\":250,\"height\":250,\"caption\":\"Ferienwohnung in K\u00e4rnten direkt am See eigener Garten \u2026 Wellness \u2026 beheizter Pool\"},\"image\":{\"@id\":\"https:\\\/\\\/www.bauer-hans.de\\\/ferienwohnung-in-kaernten\\\/#\\\/schema\\\/logo\\\/image\\\/\"}},{\"@type\":\"Person\",\"@id\":\"https:\\\/\\\/www.bauer-hans.de\\\/ferienwohnung-in-kaernten\\\/#\\\/schema\\\/person\\\/ec8cee5d59eee83046ec1ea077642ec3\",\"name\":\"makler-hans\",\"image\":{\"@type\":\"ImageObject\",\"inLanguage\":\"de\",\"@id\":\"https:\\\/\\\/secure.gravatar.com\\\/avatar\\\/1de810de5966c4ec0b2bb8e8db121ea5bcbb1bd5f6eb943fb8a742f5b0b5f0f3?s=96&d=mm&r=g\",\"url\":\"https:\\\/\\\/secure.gravatar.com\\\/avatar\\\/1de810de5966c4ec0b2bb8e8db121ea5bcbb1bd5f6eb943fb8a742f5b0b5f0f3?s=96&d=mm&r=g\",\"contentUrl\":\"https:\\\/\\\/secure.gravatar.com\\\/avatar\\\/1de810de5966c4ec0b2bb8e8db121ea5bcbb1bd5f6eb943fb8a742f5b0b5f0f3?s=96&d=mm&r=g\",\"caption\":\"makler-hans\"},\"url\":\"https:\\\/\\\/www.bauer-hans.de\\\/ferienwohnung-in-kaernten\\\/author\\\/admin\\\/\"}]}<\/script>\n<!-- \/ Yoast SEO plugin. -->","yoast_head_json":{"title":"Harley Treffen 2012 Faaker See","description":"Herrliche Fewo, ca. 20 km entfernt vom Faaker See noch frei.","robots":{"index":"index","follow":"follow","max-snippet":"max-snippet:-1","max-image-preview":"max-image-preview:large","max-video-preview":"max-video-preview:-1"},"canonical":"https:\/\/www.bauer-hans.de\/ferienwohnung-in-kaernten\/2012\/08\/20\/harley-treffen-faaker-see-2012-fewo-zu-vermieten\/","twitter_misc":{"Verfasst von":"makler-hans"},"schema":{"@context":"https:\/\/schema.org","@graph":[{"@type":"Article","@id":"https:\/\/www.bauer-hans.de\/ferienwohnung-in-kaernten\/2012\/08\/20\/harley-treffen-faaker-see-2012-fewo-zu-vermieten\/#article","isPartOf":{"@id":"https:\/\/www.bauer-hans.de\/ferienwohnung-in-kaernten\/2012\/08\/20\/harley-treffen-faaker-see-2012-fewo-zu-vermieten\/"},"author":{"name":"makler-hans","@id":"https:\/\/www.bauer-hans.de\/ferienwohnung-in-kaernten\/#\/schema\/person\/ec8cee5d59eee83046ec1ea077642ec3"},"headline":"Harley Treffen Faaker See 2012 &#8211; Fewo zu vermieten","datePublished":"2012-08-20T10:15:46+00:00","mainEntityOfPage":{"@id":"https:\/\/www.bauer-hans.de\/ferienwohnung-in-kaernten\/2012\/08\/20\/harley-treffen-faaker-see-2012-fewo-zu-vermieten\/"},"wordCount":53,"publisher":{"@id":"https:\/\/www.bauer-hans.de\/ferienwohnung-in-kaernten\/#organization"},"image":{"@id":"https:\/\/www.bauer-hans.de\/ferienwohnung-in-kaernten\/2012\/08\/20\/harley-treffen-faaker-see-2012-fewo-zu-vermieten\/#primaryimage"},"thumbnailUrl":"http:\/\/www.ferienwohnung-in-kaernten.de\/wp-content\/uploads\/sites\/6\/2012\/08\/harley-faak-250x187.jpg","inLanguage":"de"},{"@type":"WebPage","@id":"https:\/\/www.bauer-hans.de\/ferienwohnung-in-kaernten\/2012\/08\/20\/harley-treffen-faaker-see-2012-fewo-zu-vermieten\/","url":"https:\/\/www.bauer-hans.de\/ferienwohnung-in-kaernten\/2012\/08\/20\/harley-treffen-faaker-see-2012-fewo-zu-vermieten\/","name":"Harley Treffen 2012 Faaker See","isPartOf":{"@id":"https:\/\/www.bauer-hans.de\/ferienwohnung-in-kaernten\/#website"},"primaryImageOfPage":{"@id":"https:\/\/www.bauer-hans.de\/ferienwohnung-in-kaernten\/2012\/08\/20\/harley-treffen-faaker-see-2012-fewo-zu-vermieten\/#primaryimage"},"image":{"@id":"https:\/\/www.bauer-hans.de\/ferienwohnung-in-kaernten\/2012\/08\/20\/harley-treffen-faaker-see-2012-fewo-zu-vermieten\/#primaryimage"},"thumbnailUrl":"http:\/\/www.ferienwohnung-in-kaernten.de\/wp-content\/uploads\/sites\/6\/2012\/08\/harley-faak-250x187.jpg","datePublished":"2012-08-20T10:15:46+00:00","description":"Herrliche Fewo, ca. 20 km entfernt vom Faaker See noch frei.","breadcrumb":{"@id":"https:\/\/www.bauer-hans.de\/ferienwohnung-in-kaernten\/2012\/08\/20\/harley-treffen-faaker-see-2012-fewo-zu-vermieten\/#breadcrumb"},"inLanguage":"de","potentialAction":[{"@type":"ReadAction","target":["https:\/\/www.bauer-hans.de\/ferienwohnung-in-kaernten\/2012\/08\/20\/harley-treffen-faaker-see-2012-fewo-zu-vermieten\/"]}]},{"@type":"ImageObject","inLanguage":"de","@id":"https:\/\/www.bauer-hans.de\/ferienwohnung-in-kaernten\/2012\/08\/20\/harley-treffen-faaker-see-2012-fewo-zu-vermieten\/#primaryimage","url":"http:\/\/www.ferienwohnung-in-kaernten.de\/wp-content\/uploads\/sites\/6\/2012\/08\/harley-faak-250x187.jpg","contentUrl":"http:\/\/www.ferienwohnung-in-kaernten.de\/wp-content\/uploads\/sites\/6\/2012\/08\/harley-faak-250x187.jpg"},{"@type":"BreadcrumbList","@id":"https:\/\/www.bauer-hans.de\/ferienwohnung-in-kaernten\/2012\/08\/20\/harley-treffen-faaker-see-2012-fewo-zu-vermieten\/#breadcrumb","itemListElement":[{"@type":"ListItem","position":1,"name":"Startseite","item":"https:\/\/www.bauer-hans.de\/ferienwohnung-in-kaernten\/"},{"@type":"ListItem","position":2,"name":"Harley Treffen Faaker See 2012 &#8211; Fewo zu vermieten"}]},{"@type":"WebSite","@id":"https:\/\/www.bauer-hans.de\/ferienwohnung-in-kaernten\/#website","url":"https:\/\/www.bauer-hans.de\/ferienwohnung-in-kaernten\/","name":"Ferienwohnung in K\u00e4rnten direkt am See eigener Garten \u2026 Wellness \u2026 beheizter Pool","description":"Urlaubsvergn\u00fcgen pur -  tolle Fewos in  K\u00e4rnten N\u00e4he W\u00f6rthersee \/ Faaker See","publisher":{"@id":"https:\/\/www.bauer-hans.de\/ferienwohnung-in-kaernten\/#organization"},"potentialAction":[{"@type":"SearchAction","target":{"@type":"EntryPoint","urlTemplate":"https:\/\/www.bauer-hans.de\/ferienwohnung-in-kaernten\/?s={search_term_string}"},"query-input":{"@type":"PropertyValueSpecification","valueRequired":true,"valueName":"search_term_string"}}],"inLanguage":"de"},{"@type":"Organization","@id":"https:\/\/www.bauer-hans.de\/ferienwohnung-in-kaernten\/#organization","name":"Ferienwohnung in K\u00e4rnten direkt am See eigener Garten \u2026 Wellness \u2026 beheizter Pool","url":"https:\/\/www.bauer-hans.de\/ferienwohnung-in-kaernten\/","logo":{"@type":"ImageObject","inLanguage":"de","@id":"https:\/\/www.bauer-hans.de\/ferienwohnung-in-kaernten\/#\/schema\/logo\/image\/","url":"https:\/\/www.bauer-hans.de\/ferienwohnung-in-kaernten\/wp-content\/uploads\/sites\/6\/2018\/05\/cropped-logo-4s.jpg","contentUrl":"https:\/\/www.bauer-hans.de\/ferienwohnung-in-kaernten\/wp-content\/uploads\/sites\/6\/2018\/05\/cropped-logo-4s.jpg","width":250,"height":250,"caption":"Ferienwohnung in K\u00e4rnten direkt am See eigener Garten \u2026 Wellness \u2026 beheizter Pool"},"image":{"@id":"https:\/\/www.bauer-hans.de\/ferienwohnung-in-kaernten\/#\/schema\/logo\/image\/"}},{"@type":"Person","@id":"https:\/\/www.bauer-hans.de\/ferienwohnung-in-kaernten\/#\/schema\/person\/ec8cee5d59eee83046ec1ea077642ec3","name":"makler-hans","image":{"@type":"ImageObject","inLanguage":"de","@id":"https:\/\/secure.gravatar.com\/avatar\/1de810de5966c4ec0b2bb8e8db121ea5bcbb1bd5f6eb943fb8a742f5b0b5f0f3?s=96&d=mm&r=g","url":"https:\/\/secure.gravatar.com\/avatar\/1de810de5966c4ec0b2bb8e8db121ea5bcbb1bd5f6eb943fb8a742f5b0b5f0f3?s=96&d=mm&r=g","contentUrl":"https:\/\/secure.gravatar.com\/avatar\/1de810de5966c4ec0b2bb8e8db121ea5bcbb1bd5f6eb943fb8a742f5b0b5f0f3?s=96&d=mm&r=g","caption":"makler-hans"},"url":"https:\/\/www.bauer-hans.de\/ferienwohnung-in-kaernten\/author\/admin\/"}]}},"_links":{"self":[{"href":"https:\/\/www.bauer-hans.de\/ferienwohnung-in-kaernten\/wp-json\/wp\/v2\/posts\/1396","targetHints":{"allow":["GET"]}}],"collection":[{"href":"https:\/\/www.bauer-hans.de\/ferienwohnung-in-kaernten\/wp-json\/wp\/v2\/posts"}],"about":[{"href":"https:\/\/www.bauer-hans.de\/ferienwohnung-in-kaernten\/wp-json\/wp\/v2\/types\/post"}],"author":[{"embeddable":true,"href":"https:\/\/www.bauer-hans.de\/ferienwohnung-in-kaernten\/wp-json\/wp\/v2\/users\/2"}],"replies":[{"embeddable":true,"href":"https:\/\/www.bauer-hans.de\/ferienwohnung-in-kaernten\/wp-json\/wp\/v2\/comments?post=1396"}],"version-history":[{"count":0,"href":"https:\/\/www.bauer-hans.de\/ferienwohnung-in-kaernten\/wp-json\/wp\/v2\/posts\/1396\/revisions"}],"wp:attachment":[{"href":"https:\/\/www.bauer-hans.de\/ferienwohnung-in-kaernten\/wp-json\/wp\/v2\/media?parent=1396"}],"wp:term":[{"taxonomy":"category","embeddable":true,"href":"https:\/\/www.bauer-hans.de\/ferienwohnung-in-kaernten\/wp-json\/wp\/v2\/categories?post=1396"},{"taxonomy":"post_tag","embeddable":true,"href":"https:\/\/www.bauer-hans.de\/ferienwohnung-in-kaernten\/wp-json\/wp\/v2\/tags?post=1396"}],"curies":[{"name":"wp","href":"https:\/\/api.w.org\/{rel}","templated":true}]}}