{"id":775,"date":"2011-01-21T09:27:55","date_gmt":"2011-01-21T09:27:55","guid":{"rendered":"http:\/\/www.ferienwohnung-in-kaernten.de\/?p=775"},"modified":"2011-01-21T09:27:55","modified_gmt":"2011-01-21T09:27:55","slug":"wandern-in-karnten","status":"publish","type":"post","link":"https:\/\/www.bauer-hans.de\/ferienwohnung-in-kaernten\/2011\/01\/21\/wandern-in-karnten\/","title":{"rendered":"Wandern in K\u00e4rnten"},"content":{"rendered":"<p><strong><a rel=\"attachment wp-att-65\" href=\"http:\/\/www.ferienwohnung-in-kaernten.de\/2010\/09\/27\/karnten-im-herbs\/sonntagsausflug\/\"><img loading=\"lazy\" decoding=\"async\" class=\"size-thumbnail wp-image-65 alignleft\" title=\"Wandern in K\u00e4rnten\" src=\"http:\/\/www.ferienwohnung-in-kaernten.de\/wp-content\/uploads\/sites\/6\/2010\/09\/sparzierg\u00e4nger-150x150.jpg\" alt=\"\" width=\"150\" height=\"150\" \/><\/a>Wandern f\u00fcr Gipfelst\u00fcrmer &#8211; im Hochgebirge:<\/strong><br \/>\nEin gutes St\u00fcck dem Himmel n\u00e4her. Eis, Schnee, Felsen. Der Chef unter den Dreitausendern: der Gro\u00dfglockner mit 3.798 m. Seine Tauernk\u00f6nigin: die Hochalmspitze. Daneben buhlen 120 weitere Dreitausender um Wanderer mit langem Atem. S\u00fcdliche Grenzg\u00e4nge in hochalpinem Gebiet Karawanken und Karnische Alpen.<\/p>\n<p><strong>Wandern f\u00fcr Genusswanderer &#8211; im Mittelgebirge:<\/strong><br \/>\nDer Weg ist das Ziel. Und das Ziel ist dort, wo Berge und Seen sich ber\u00fchren. Vor\u00fcber an urigen Bauernh\u00f6fen, hinauf auf satte Almen. Die sanften, runden Nocken, die liebliche Millst\u00e4tter- und die blumige Villacher Alpe, die langen Grate von Sau- und Koralpe sind Ihr Revier.<\/p>\n<p><strong>Wandern f\u00fcr Bodenst\u00e4ndige &#8211; im Tal:<\/strong><br \/>\nImmer sch\u00f6n am Boden bleiben. Wasser, Berge, Sonne im Blickfeld begleiten Sie am S\u00fcdufer des Millst\u00e4tter Sees, auf dem Mostwanderweg am W\u00f6rthersee, auf Kultur-, Quell- und Mostwanderungen im Lavanttal. Themenwanderungen erweitern Ihren Kasnudl-, Kneipp- und Kr\u00e4uter-Horizont. Und wo es Sessellifte, Bergbahnen oder Schiffe gibt, die die M\u00fchen der Berg-See-Geher lindern, ist Schummeln erlaubt.<\/p>\n","protected":false},"excerpt":{"rendered":"<p>Wandern f\u00fcr Gipfelst\u00fcrmer &#8211; im Hochgebirge: Ein gutes St\u00fcck dem Himmel n\u00e4her. Eis, Schnee, Felsen. Der Chef unter den Dreitausendern: der Gro\u00dfglockner mit 3.798 m. Seine Tauernk\u00f6nigin: die Hochalmspitze. Daneben buhlen 120 weitere Dreitausender um Wanderer mit langem Atem. S\u00fcdliche Grenzg\u00e4nge in hochalpinem Gebiet Karawanken und Karnische Alpen. Wandern f\u00fcr Genusswanderer &#8211; im Mittelgebirge: Der &hellip; <\/p>\n<p class=\"link-more\"><a href=\"https:\/\/www.bauer-hans.de\/ferienwohnung-in-kaernten\/2011\/01\/21\/wandern-in-karnten\/\" class=\"more-link\"><span class=\"screen-reader-text\">\u201eWandern in K\u00e4rnten\u201c <\/span>weiterlesen<\/a><\/p>\n","protected":false},"author":2,"featured_media":65,"comment_status":"closed","ping_status":"closed","sticky":false,"template":"","format":"standard","meta":{"_acf_changed":false,"footnotes":""},"categories":[1],"tags":[],"class_list":["post-775","post","type-post","status-publish","format-standard","has-post-thumbnail","hentry","category-allgemein"],"acf":[],"yoast_head":"<!-- This site is optimized with the Yoast SEO plugin v27.5 - https:\/\/yoast.com\/product\/yoast-seo-wordpress\/ -->\n<title>Wandern in K\u00e4rnten - Ferienwohnung in K\u00e4rnten direkt am See eigener Garten \u2026 Wellness \u2026 beheizter Pool<\/title>\n<meta name=\"robots\" content=\"index, follow, max-snippet:-1, max-image-preview:large, max-video-preview:-1\" \/>\n<link rel=\"canonical\" href=\"https:\/\/www.bauer-hans.de\/ferienwohnung-in-kaernten\/2011\/01\/21\/wandern-in-karnten\/\" \/>\n<meta name=\"twitter:label1\" content=\"Verfasst von\" \/>\n\t<meta name=\"twitter:data1\" content=\"makler-hans\" \/>\n\t<meta name=\"twitter:label2\" content=\"Gesch\u00e4tzte Lesezeit\" \/>\n\t<meta name=\"twitter:data2\" content=\"1\u00a0Minute\" \/>\n<script type=\"application\/ld+json\" class=\"yoast-schema-graph\">{\"@context\":\"https:\\\/\\\/schema.org\",\"@graph\":[{\"@type\":\"Article\",\"@id\":\"https:\\\/\\\/www.bauer-hans.de\\\/ferienwohnung-in-kaernten\\\/2011\\\/01\\\/21\\\/wandern-in-karnten\\\/#article\",\"isPartOf\":{\"@id\":\"https:\\\/\\\/www.bauer-hans.de\\\/ferienwohnung-in-kaernten\\\/2011\\\/01\\\/21\\\/wandern-in-karnten\\\/\"},\"author\":{\"name\":\"makler-hans\",\"@id\":\"https:\\\/\\\/www.bauer-hans.de\\\/ferienwohnung-in-kaernten\\\/#\\\/schema\\\/person\\\/ec8cee5d59eee83046ec1ea077642ec3\"},\"headline\":\"Wandern in K\u00e4rnten\",\"datePublished\":\"2011-01-21T09:27:55+00:00\",\"mainEntityOfPage\":{\"@id\":\"https:\\\/\\\/www.bauer-hans.de\\\/ferienwohnung-in-kaernten\\\/2011\\\/01\\\/21\\\/wandern-in-karnten\\\/\"},\"wordCount\":182,\"publisher\":{\"@id\":\"https:\\\/\\\/www.bauer-hans.de\\\/ferienwohnung-in-kaernten\\\/#organization\"},\"image\":{\"@id\":\"https:\\\/\\\/www.bauer-hans.de\\\/ferienwohnung-in-kaernten\\\/2011\\\/01\\\/21\\\/wandern-in-karnten\\\/#primaryimage\"},\"thumbnailUrl\":\"https:\\\/\\\/www.bauer-hans.de\\\/ferienwohnung-in-kaernten\\\/wp-content\\\/uploads\\\/sites\\\/6\\\/2010\\\/09\\\/sparzierg\u00e4nger.jpg\",\"inLanguage\":\"de\"},{\"@type\":\"WebPage\",\"@id\":\"https:\\\/\\\/www.bauer-hans.de\\\/ferienwohnung-in-kaernten\\\/2011\\\/01\\\/21\\\/wandern-in-karnten\\\/\",\"url\":\"https:\\\/\\\/www.bauer-hans.de\\\/ferienwohnung-in-kaernten\\\/2011\\\/01\\\/21\\\/wandern-in-karnten\\\/\",\"name\":\"Wandern in K\u00e4rnten - Ferienwohnung in K\u00e4rnten direkt am See eigener Garten \u2026 Wellness \u2026 beheizter Pool\",\"isPartOf\":{\"@id\":\"https:\\\/\\\/www.bauer-hans.de\\\/ferienwohnung-in-kaernten\\\/#website\"},\"primaryImageOfPage\":{\"@id\":\"https:\\\/\\\/www.bauer-hans.de\\\/ferienwohnung-in-kaernten\\\/2011\\\/01\\\/21\\\/wandern-in-karnten\\\/#primaryimage\"},\"image\":{\"@id\":\"https:\\\/\\\/www.bauer-hans.de\\\/ferienwohnung-in-kaernten\\\/2011\\\/01\\\/21\\\/wandern-in-karnten\\\/#primaryimage\"},\"thumbnailUrl\":\"https:\\\/\\\/www.bauer-hans.de\\\/ferienwohnung-in-kaernten\\\/wp-content\\\/uploads\\\/sites\\\/6\\\/2010\\\/09\\\/sparzierg\u00e4nger.jpg\",\"datePublished\":\"2011-01-21T09:27:55+00:00\",\"breadcrumb\":{\"@id\":\"https:\\\/\\\/www.bauer-hans.de\\\/ferienwohnung-in-kaernten\\\/2011\\\/01\\\/21\\\/wandern-in-karnten\\\/#breadcrumb\"},\"inLanguage\":\"de\",\"potentialAction\":[{\"@type\":\"ReadAction\",\"target\":[\"https:\\\/\\\/www.bauer-hans.de\\\/ferienwohnung-in-kaernten\\\/2011\\\/01\\\/21\\\/wandern-in-karnten\\\/\"]}]},{\"@type\":\"ImageObject\",\"inLanguage\":\"de\",\"@id\":\"https:\\\/\\\/www.bauer-hans.de\\\/ferienwohnung-in-kaernten\\\/2011\\\/01\\\/21\\\/wandern-in-karnten\\\/#primaryimage\",\"url\":\"https:\\\/\\\/www.bauer-hans.de\\\/ferienwohnung-in-kaernten\\\/wp-content\\\/uploads\\\/sites\\\/6\\\/2010\\\/09\\\/sparzierg\u00e4nger.jpg\",\"contentUrl\":\"https:\\\/\\\/www.bauer-hans.de\\\/ferienwohnung-in-kaernten\\\/wp-content\\\/uploads\\\/sites\\\/6\\\/2010\\\/09\\\/sparzierg\u00e4nger.jpg\",\"width\":424,\"height\":283},{\"@type\":\"BreadcrumbList\",\"@id\":\"https:\\\/\\\/www.bauer-hans.de\\\/ferienwohnung-in-kaernten\\\/2011\\\/01\\\/21\\\/wandern-in-karnten\\\/#breadcrumb\",\"itemListElement\":[{\"@type\":\"ListItem\",\"position\":1,\"name\":\"Startseite\",\"item\":\"https:\\\/\\\/www.bauer-hans.de\\\/ferienwohnung-in-kaernten\\\/\"},{\"@type\":\"ListItem\",\"position\":2,\"name\":\"Wandern in K\u00e4rnten\"}]},{\"@type\":\"WebSite\",\"@id\":\"https:\\\/\\\/www.bauer-hans.de\\\/ferienwohnung-in-kaernten\\\/#website\",\"url\":\"https:\\\/\\\/www.bauer-hans.de\\\/ferienwohnung-in-kaernten\\\/\",\"name\":\"Ferienwohnung in K\u00e4rnten direkt am See eigener Garten \u2026 Wellness \u2026 beheizter Pool\",\"description\":\"Urlaubsvergn\u00fcgen pur -  tolle Fewos in  K\u00e4rnten N\u00e4he W\u00f6rthersee \\\/ Faaker See\",\"publisher\":{\"@id\":\"https:\\\/\\\/www.bauer-hans.de\\\/ferienwohnung-in-kaernten\\\/#organization\"},\"potentialAction\":[{\"@type\":\"SearchAction\",\"target\":{\"@type\":\"EntryPoint\",\"urlTemplate\":\"https:\\\/\\\/www.bauer-hans.de\\\/ferienwohnung-in-kaernten\\\/?s={search_term_string}\"},\"query-input\":{\"@type\":\"PropertyValueSpecification\",\"valueRequired\":true,\"valueName\":\"search_term_string\"}}],\"inLanguage\":\"de\"},{\"@type\":\"Organization\",\"@id\":\"https:\\\/\\\/www.bauer-hans.de\\\/ferienwohnung-in-kaernten\\\/#organization\",\"name\":\"Ferienwohnung in K\u00e4rnten direkt am See eigener Garten \u2026 Wellness \u2026 beheizter Pool\",\"url\":\"https:\\\/\\\/www.bauer-hans.de\\\/ferienwohnung-in-kaernten\\\/\",\"logo\":{\"@type\":\"ImageObject\",\"inLanguage\":\"de\",\"@id\":\"https:\\\/\\\/www.bauer-hans.de\\\/ferienwohnung-in-kaernten\\\/#\\\/schema\\\/logo\\\/image\\\/\",\"url\":\"https:\\\/\\\/www.bauer-hans.de\\\/ferienwohnung-in-kaernten\\\/wp-content\\\/uploads\\\/sites\\\/6\\\/2018\\\/05\\\/cropped-logo-4s.jpg\",\"contentUrl\":\"https:\\\/\\\/www.bauer-hans.de\\\/ferienwohnung-in-kaernten\\\/wp-content\\\/uploads\\\/sites\\\/6\\\/2018\\\/05\\\/cropped-logo-4s.jpg\",\"width\":250,\"height\":250,\"caption\":\"Ferienwohnung in K\u00e4rnten direkt am See eigener Garten \u2026 Wellness \u2026 beheizter Pool\"},\"image\":{\"@id\":\"https:\\\/\\\/www.bauer-hans.de\\\/ferienwohnung-in-kaernten\\\/#\\\/schema\\\/logo\\\/image\\\/\"}},{\"@type\":\"Person\",\"@id\":\"https:\\\/\\\/www.bauer-hans.de\\\/ferienwohnung-in-kaernten\\\/#\\\/schema\\\/person\\\/ec8cee5d59eee83046ec1ea077642ec3\",\"name\":\"makler-hans\",\"image\":{\"@type\":\"ImageObject\",\"inLanguage\":\"de\",\"@id\":\"https:\\\/\\\/secure.gravatar.com\\\/avatar\\\/1de810de5966c4ec0b2bb8e8db121ea5bcbb1bd5f6eb943fb8a742f5b0b5f0f3?s=96&d=mm&r=g\",\"url\":\"https:\\\/\\\/secure.gravatar.com\\\/avatar\\\/1de810de5966c4ec0b2bb8e8db121ea5bcbb1bd5f6eb943fb8a742f5b0b5f0f3?s=96&d=mm&r=g\",\"contentUrl\":\"https:\\\/\\\/secure.gravatar.com\\\/avatar\\\/1de810de5966c4ec0b2bb8e8db121ea5bcbb1bd5f6eb943fb8a742f5b0b5f0f3?s=96&d=mm&r=g\",\"caption\":\"makler-hans\"},\"url\":\"https:\\\/\\\/www.bauer-hans.de\\\/ferienwohnung-in-kaernten\\\/author\\\/admin\\\/\"}]}<\/script>\n<!-- \/ Yoast SEO plugin. -->","yoast_head_json":{"title":"Wandern in K\u00e4rnten - Ferienwohnung in K\u00e4rnten direkt am See eigener Garten \u2026 Wellness \u2026 beheizter Pool","robots":{"index":"index","follow":"follow","max-snippet":"max-snippet:-1","max-image-preview":"max-image-preview:large","max-video-preview":"max-video-preview:-1"},"canonical":"https:\/\/www.bauer-hans.de\/ferienwohnung-in-kaernten\/2011\/01\/21\/wandern-in-karnten\/","twitter_misc":{"Verfasst von":"makler-hans","Gesch\u00e4tzte Lesezeit":"1\u00a0Minute"},"schema":{"@context":"https:\/\/schema.org","@graph":[{"@type":"Article","@id":"https:\/\/www.bauer-hans.de\/ferienwohnung-in-kaernten\/2011\/01\/21\/wandern-in-karnten\/#article","isPartOf":{"@id":"https:\/\/www.bauer-hans.de\/ferienwohnung-in-kaernten\/2011\/01\/21\/wandern-in-karnten\/"},"author":{"name":"makler-hans","@id":"https:\/\/www.bauer-hans.de\/ferienwohnung-in-kaernten\/#\/schema\/person\/ec8cee5d59eee83046ec1ea077642ec3"},"headline":"Wandern in K\u00e4rnten","datePublished":"2011-01-21T09:27:55+00:00","mainEntityOfPage":{"@id":"https:\/\/www.bauer-hans.de\/ferienwohnung-in-kaernten\/2011\/01\/21\/wandern-in-karnten\/"},"wordCount":182,"publisher":{"@id":"https:\/\/www.bauer-hans.de\/ferienwohnung-in-kaernten\/#organization"},"image":{"@id":"https:\/\/www.bauer-hans.de\/ferienwohnung-in-kaernten\/2011\/01\/21\/wandern-in-karnten\/#primaryimage"},"thumbnailUrl":"https:\/\/www.bauer-hans.de\/ferienwohnung-in-kaernten\/wp-content\/uploads\/sites\/6\/2010\/09\/sparzierg\u00e4nger.jpg","inLanguage":"de"},{"@type":"WebPage","@id":"https:\/\/www.bauer-hans.de\/ferienwohnung-in-kaernten\/2011\/01\/21\/wandern-in-karnten\/","url":"https:\/\/www.bauer-hans.de\/ferienwohnung-in-kaernten\/2011\/01\/21\/wandern-in-karnten\/","name":"Wandern in K\u00e4rnten - Ferienwohnung in K\u00e4rnten direkt am See eigener Garten \u2026 Wellness \u2026 beheizter Pool","isPartOf":{"@id":"https:\/\/www.bauer-hans.de\/ferienwohnung-in-kaernten\/#website"},"primaryImageOfPage":{"@id":"https:\/\/www.bauer-hans.de\/ferienwohnung-in-kaernten\/2011\/01\/21\/wandern-in-karnten\/#primaryimage"},"image":{"@id":"https:\/\/www.bauer-hans.de\/ferienwohnung-in-kaernten\/2011\/01\/21\/wandern-in-karnten\/#primaryimage"},"thumbnailUrl":"https:\/\/www.bauer-hans.de\/ferienwohnung-in-kaernten\/wp-content\/uploads\/sites\/6\/2010\/09\/sparzierg\u00e4nger.jpg","datePublished":"2011-01-21T09:27:55+00:00","breadcrumb":{"@id":"https:\/\/www.bauer-hans.de\/ferienwohnung-in-kaernten\/2011\/01\/21\/wandern-in-karnten\/#breadcrumb"},"inLanguage":"de","potentialAction":[{"@type":"ReadAction","target":["https:\/\/www.bauer-hans.de\/ferienwohnung-in-kaernten\/2011\/01\/21\/wandern-in-karnten\/"]}]},{"@type":"ImageObject","inLanguage":"de","@id":"https:\/\/www.bauer-hans.de\/ferienwohnung-in-kaernten\/2011\/01\/21\/wandern-in-karnten\/#primaryimage","url":"https:\/\/www.bauer-hans.de\/ferienwohnung-in-kaernten\/wp-content\/uploads\/sites\/6\/2010\/09\/sparzierg\u00e4nger.jpg","contentUrl":"https:\/\/www.bauer-hans.de\/ferienwohnung-in-kaernten\/wp-content\/uploads\/sites\/6\/2010\/09\/sparzierg\u00e4nger.jpg","width":424,"height":283},{"@type":"BreadcrumbList","@id":"https:\/\/www.bauer-hans.de\/ferienwohnung-in-kaernten\/2011\/01\/21\/wandern-in-karnten\/#breadcrumb","itemListElement":[{"@type":"ListItem","position":1,"name":"Startseite","item":"https:\/\/www.bauer-hans.de\/ferienwohnung-in-kaernten\/"},{"@type":"ListItem","position":2,"name":"Wandern in K\u00e4rnten"}]},{"@type":"WebSite","@id":"https:\/\/www.bauer-hans.de\/ferienwohnung-in-kaernten\/#website","url":"https:\/\/www.bauer-hans.de\/ferienwohnung-in-kaernten\/","name":"Ferienwohnung in K\u00e4rnten direkt am See eigener Garten \u2026 Wellness \u2026 beheizter Pool","description":"Urlaubsvergn\u00fcgen pur -  tolle Fewos in  K\u00e4rnten N\u00e4he W\u00f6rthersee \/ Faaker See","publisher":{"@id":"https:\/\/www.bauer-hans.de\/ferienwohnung-in-kaernten\/#organization"},"potentialAction":[{"@type":"SearchAction","target":{"@type":"EntryPoint","urlTemplate":"https:\/\/www.bauer-hans.de\/ferienwohnung-in-kaernten\/?s={search_term_string}"},"query-input":{"@type":"PropertyValueSpecification","valueRequired":true,"valueName":"search_term_string"}}],"inLanguage":"de"},{"@type":"Organization","@id":"https:\/\/www.bauer-hans.de\/ferienwohnung-in-kaernten\/#organization","name":"Ferienwohnung in K\u00e4rnten direkt am See eigener Garten \u2026 Wellness \u2026 beheizter Pool","url":"https:\/\/www.bauer-hans.de\/ferienwohnung-in-kaernten\/","logo":{"@type":"ImageObject","inLanguage":"de","@id":"https:\/\/www.bauer-hans.de\/ferienwohnung-in-kaernten\/#\/schema\/logo\/image\/","url":"https:\/\/www.bauer-hans.de\/ferienwohnung-in-kaernten\/wp-content\/uploads\/sites\/6\/2018\/05\/cropped-logo-4s.jpg","contentUrl":"https:\/\/www.bauer-hans.de\/ferienwohnung-in-kaernten\/wp-content\/uploads\/sites\/6\/2018\/05\/cropped-logo-4s.jpg","width":250,"height":250,"caption":"Ferienwohnung in K\u00e4rnten direkt am See eigener Garten \u2026 Wellness \u2026 beheizter Pool"},"image":{"@id":"https:\/\/www.bauer-hans.de\/ferienwohnung-in-kaernten\/#\/schema\/logo\/image\/"}},{"@type":"Person","@id":"https:\/\/www.bauer-hans.de\/ferienwohnung-in-kaernten\/#\/schema\/person\/ec8cee5d59eee83046ec1ea077642ec3","name":"makler-hans","image":{"@type":"ImageObject","inLanguage":"de","@id":"https:\/\/secure.gravatar.com\/avatar\/1de810de5966c4ec0b2bb8e8db121ea5bcbb1bd5f6eb943fb8a742f5b0b5f0f3?s=96&d=mm&r=g","url":"https:\/\/secure.gravatar.com\/avatar\/1de810de5966c4ec0b2bb8e8db121ea5bcbb1bd5f6eb943fb8a742f5b0b5f0f3?s=96&d=mm&r=g","contentUrl":"https:\/\/secure.gravatar.com\/avatar\/1de810de5966c4ec0b2bb8e8db121ea5bcbb1bd5f6eb943fb8a742f5b0b5f0f3?s=96&d=mm&r=g","caption":"makler-hans"},"url":"https:\/\/www.bauer-hans.de\/ferienwohnung-in-kaernten\/author\/admin\/"}]}},"_links":{"self":[{"href":"https:\/\/www.bauer-hans.de\/ferienwohnung-in-kaernten\/wp-json\/wp\/v2\/posts\/775","targetHints":{"allow":["GET"]}}],"collection":[{"href":"https:\/\/www.bauer-hans.de\/ferienwohnung-in-kaernten\/wp-json\/wp\/v2\/posts"}],"about":[{"href":"https:\/\/www.bauer-hans.de\/ferienwohnung-in-kaernten\/wp-json\/wp\/v2\/types\/post"}],"author":[{"embeddable":true,"href":"https:\/\/www.bauer-hans.de\/ferienwohnung-in-kaernten\/wp-json\/wp\/v2\/users\/2"}],"replies":[{"embeddable":true,"href":"https:\/\/www.bauer-hans.de\/ferienwohnung-in-kaernten\/wp-json\/wp\/v2\/comments?post=775"}],"version-history":[{"count":0,"href":"https:\/\/www.bauer-hans.de\/ferienwohnung-in-kaernten\/wp-json\/wp\/v2\/posts\/775\/revisions"}],"wp:featuredmedia":[{"embeddable":true,"href":"https:\/\/www.bauer-hans.de\/ferienwohnung-in-kaernten\/wp-json\/wp\/v2\/media\/65"}],"wp:attachment":[{"href":"https:\/\/www.bauer-hans.de\/ferienwohnung-in-kaernten\/wp-json\/wp\/v2\/media?parent=775"}],"wp:term":[{"taxonomy":"category","embeddable":true,"href":"https:\/\/www.bauer-hans.de\/ferienwohnung-in-kaernten\/wp-json\/wp\/v2\/categories?post=775"},{"taxonomy":"post_tag","embeddable":true,"href":"https:\/\/www.bauer-hans.de\/ferienwohnung-in-kaernten\/wp-json\/wp\/v2\/tags?post=775"}],"curies":[{"name":"wp","href":"https:\/\/api.w.org\/{rel}","templated":true}]}}